{"id":1476,"global_id":"esclaustre.com\/en\/?id=1476","global_id_lineage":["esclaustre.com\/en\/?id=1476"],"author":"1","status":"publish","date":"2017-06-25 14:54:10","date_utc":"2017-06-25 14:54:10","modified":"2017-06-25 14:54:10","modified_utc":"2017-06-25 14:54:10","url":"https:\/\/esclaustre.com\/en\/event\/la-teoria-sueca-de-lamor\/","rest_url":"https:\/\/esclaustre.com\/en\/wp-json\/tribe\/events\/v1\/events\/1476","title":"La Teoria Sueca de l&#8217;Amor","description":"<p>[ bb_built=&#8221;1&#8243; admin_label=&#8221;section&#8221; _builder_version=&#8221;3.0.51&#8243; module_class=&#8221;eventPost__vertical&#8221;][et_pb_row admin_label=&#8221;row&#8221; background_position=&#8221;top_left&#8221; background_repeat=&#8221;repeat&#8221; background_size=&#8221;initial&#8221; _builder_version=&#8221;3.0.51&#8243; background_position_1=&#8221;top_left&#8221; background_repeat_1=&#8221;no-repeat&#8221; background_position_2=&#8221;top_left&#8221; background_repeat_2=&#8221;no-repeat&#8221; module_class_1=&#8221;eventPost__vertical__img&#8221; module_class_2=&#8221;eventPost__vertical__img_content&#8221; make_equal=&#8221;on&#8221;][et_pb_column type=&#8221;1_2&#8243;][et_pb_image admin_label=&#8221;Image&#8221; _builder_version=&#8221;3.0.51&#8243; src=&#8221;https:\/\/esclaustre.com\/wp-content\/uploads\/2017\/06\/la_teoria_sueca_del_amor.jpg&#8221; show_in_lightbox=&#8221;off&#8221; url_new_window=&#8221;off&#8221; use_overlay=&#8221;off&#8221; sticky=&#8221;on&#8221; align=&#8221;left&#8221; always_center_on_mobile=&#8221;on&#8221; border_style=&#8221;solid&#8221; force_fullwidth=&#8221;off&#8221; \/][\/et_pb_column][et_pb_column type=&#8221;1_2&#8243;][et_pb_customEventMetaFields admin_label=&#8221;Es Claustre Camps Event&#8221; _builder_version=&#8221;3.0.51&#8243; location=&#8221;on&#8221; schedule=&#8221;on&#8221; price=&#8221;on&#8221; \/][et_pb_text admin_label=&#8221;Dades generals de la pelicula&#8221; _builder_version=&#8221;3.0.51&#8243; background_layout=&#8221;light&#8221; text_orientation=&#8221;left&#8221; border_style=&#8221;solid&#8221; module_class=&#8221;postEvent_cine__block&#8221;]<\/p>\n<h3 class=\"postEvent_cine__filmDirector\">Erik Galdini<\/h3>\n<p class=\"postEvent_cine__filmMeta\">2016 \u00a0 76min.<\/p>\n<div class=\"postEvent_cine__resume postEvent_cine__filmResume\">VO en angl\u00e8s subtitulada en catal\u00e0<br \/>\nDinamarca, Noruega, Suecia<\/div>\n<p>[\/et_pb_text][et_pb_customEventCategories admin_label=&#8221;Categories&#8221; _builder_version=&#8221;3.0.51&#8243; \/][et_pb_customEventTags admin_label=&#8221;Tags&#8221; _builder_version=&#8221;3.0.51&#8243; \/][et_pb_text admin_label=&#8221;Premis + Link Trailer&#8221; _builder_version=&#8221;3.0.51&#8243; background_layout=&#8221;light&#8221; text_orientation=&#8221;left&#8221; border_style=&#8221;solid&#8221; module_class=&#8221;postEvent_cine__block&#8221;]<\/p>\n<h5 class=\"postEvent_cine__awardsTitle\">Premis i festivals<\/h5>\n<ul class=\"postEvent_cine__awardsList\">\n<li>Docville \u2013 B\u00e8lgica, 2016<\/li>\n<li>CPH:DOX \u2013 Dinamarca, 2015<\/li>\n<li>Stockholm Film Festival \u2013 Su\u00e8cia, 2015<\/li>\n<li>IDFA \u2013 Pa\u00efsos Baixos, 2015<\/li>\n<\/ul>\n<p><a class=\"postEvent_cine__filmLink\" href=\"https:\/\/www.youtube.com\/watch?time_continue=18&amp;v=Vud8lIhzwps\" target=\"_blank\" rel=\"noopener\">Veure Trailer<\/a><\/p>\n<p>[\/et_pb_text][et_pb_code admin_label=&#8221;Compartir&#8221; _builder_version=&#8221;3.0.51&#8243; module_class=&#8221;postEvent_cine__block__Share&#8221;][socialpug_share][\/et_pb_code][\/et_pb_column][\/et_pb_row][et_pb_row admin_label=&#8221;Row&#8221; background_position=&#8221;top_left&#8221; background_repeat=&#8221;repeat&#8221; background_size=&#8221;initial&#8221; _builder_version=&#8221;3.0.51&#8243; background_position_1=&#8221;top_left&#8221; background_repeat_1=&#8221;no-repeat&#8221; background_position_2=&#8221;top_left&#8221; background_repeat_2=&#8221;no-repeat&#8221; module_class=&#8221;eventPost__vertical__content&#8221;][et_pb_column type=&#8221;2_3&#8243;][et_pb_text admin_label=&#8221;Text&#8221; _builder_version=&#8221;3.0.51&#8243; background_layout=&#8221;light&#8221; text_orientation=&#8221;left&#8221; border_style=&#8221;solid&#8221;]<\/p>\n<h3 class=\"postEvent_content__titleh3\">SINOPSIS<\/h3>\n<p>El t\u00f2pic defineix Su\u00e8cia com un model de societat perfecte amb una alt\u00edssima qualitat de vida. Per\u00f2 realment \u00e9s un pa\u00eds feli\u00e7? \u00c9s possible que la poblaci\u00f3 m\u00e9s aut\u00f2noma i independent del m\u00f3n estigui insatisfeta?<br \/>\nSense la necessitat de demanar ajuda ni favors, el contacte hum\u00e0 queda redu\u00eft a la m\u00ednima expressi\u00f3. Cada cop hi ha m\u00e9s mares solteres que tenen fills amb inseminaci\u00f3 artificial. El nombre de gent que mor en solitud augmenta any rere any. Val la pena assumir l\u2019a\u00efllament i la soledat per tenir una vida aut\u00f2noma i independent?<br \/>\nL\u2019iconoclasta director Erik Gandini explora l\u2019estil de vida suec amb sentit de l\u2019humor, reflexionant sobre com una vida segura i f\u00e0cil pot convertir-se en una exist\u00e8ncia buida i solit\u00e0ria.<\/p>\n<h3 class=\"postEvent_content__titleh3\">SOBRE LA DIRECCI\u00d3<\/h3>\n<p>Erik Gandini va n\u00e9ixer a It\u00e0lia el 1967. \u00c9s productor i director, conegut per Videocracy (2009), Surplus: Terrorized Into Being Consumers (2003) i The Swedish Theory of Love(2015).<\/p>\n<p>Cicle documental amb el suport de la Regidoria de Pol\u00edtica Ling\u00fc\u00edstica de l&#8217;<a href=\"http:\/\/www.ajmao.org\" target=\"_blank\" rel=\"noopener\">Ajuntament de Ma\u00f3<\/a>.<\/p>\n<p>[\/et_pb_text][\/et_pb_column][et_pb_column type=&#8221;1_3&#8243;][et_pb_text admin_label=&#8221;Fitxa t\u00e8cnica&#8221; _builder_version=&#8221;3.0.51&#8243; background_layout=&#8221;light&#8221; text_orientation=&#8221;left&#8221; border_style=&#8221;solid&#8221; module_class=&#8221;postEvent_content__technicalData&#8221;]<\/p>\n<h4 class=\"postEvent_content__titleh4\">FITXA T\u00c9CNICA<\/h4>\n<ul class=\"postEvent_cine__TechnicalList\">\n<li><strong>Direcci\u00f3:<\/strong> Erik Gandini<\/li>\n<li><strong>Producci\u00f3 executiva:<\/strong> Erik Gandini, Juan Pablo Libossart<\/li>\n<li><strong>Gui\u00f3:<\/strong> Erik Gandini<\/li>\n<li><strong>Fotografia:<\/strong> Vania Tegamelli, Carl Nilsson<\/li>\n<li><strong>Edici\u00f3:<\/strong> Johan S\u00f6derberg,<\/li>\n<li><strong>So:<\/strong> Hans M\u00f8ller, Kevin Bavnh\u00f8j, Brian Dyrby<\/li>\n<li><strong>M\u00fasica:<\/strong> Johan S\u00f6derberg<\/li>\n<\/ul>\n<p>No recomanat per a menors de 12 anys<\/p>\n<p>[\/et_pb_text][\/et_pb_column][\/et_pb_row][\/]<\/p>","excerpt":"<p>[DOCS MENORCA] El documental del mes: La Teoria Sueca de l&#8217;Amor<\/p>","slug":"la-teoria-sueca-de-lamor","image":{"url":"https:\/\/esclaustre.com\/wp-content\/uploads\/2017\/06\/La-Teoria-Sueca-de-lamor.jpg","id":1182,"extension":"jpg","width":1000,"height":685,"filesize":96818,"sizes":{"woocommerce_thumbnail":{"width":300,"height":300,"mime-type":"image\/jpeg","filesize":12893,"uncropped":false,"url":"https:\/\/esclaustre.com\/wp-content\/uploads\/2017\/06\/La-Teoria-Sueca-de-lamor-300x300.jpg"},"woocommerce_gallery_thumbnail":{"width":100,"height":100,"mime-type":"image\/jpeg","filesize":3110,"url":"https:\/\/esclaustre.com\/wp-content\/uploads\/2017\/06\/La-Teoria-Sueca-de-lamor-100x100.jpg"},"woocommerce_single":{"width":600,"height":411,"mime-type":"image\/jpeg","filesize":29193,"url":"https:\/\/esclaustre.com\/wp-content\/uploads\/2017\/06\/La-Teoria-Sueca-de-lamor-600x411.jpg"},"thumbnail":{"width":150,"height":150,"mime-type":"image\/jpeg","url":"https:\/\/esclaustre.com\/wp-content\/uploads\/2017\/06\/La-Teoria-Sueca-de-lamor-150x150.jpg"},"medium":{"width":300,"height":206,"mime-type":"image\/jpeg","url":"https:\/\/esclaustre.com\/wp-content\/uploads\/2017\/06\/La-Teoria-Sueca-de-lamor-300x206.jpg"},"medium_large":{"width":768,"height":526,"mime-type":"image\/jpeg","url":"https:\/\/esclaustre.com\/wp-content\/uploads\/2017\/06\/La-Teoria-Sueca-de-lamor-768x526.jpg"},"et-pb-post-main-image":{"width":400,"height":250,"mime-type":"image\/jpeg","url":"https:\/\/esclaustre.com\/wp-content\/uploads\/2017\/06\/La-Teoria-Sueca-de-lamor-400x250.jpg"},"et-pb-post-main-image-fullwidth":{"width":1000,"height":675,"mime-type":"image\/jpeg","url":"https:\/\/esclaustre.com\/wp-content\/uploads\/2017\/06\/La-Teoria-Sueca-de-lamor-1000x675.jpg"},"et-pb-portfolio-image":{"width":400,"height":284,"mime-type":"image\/jpeg","url":"https:\/\/esclaustre.com\/wp-content\/uploads\/2017\/06\/La-Teoria-Sueca-de-lamor-400x284.jpg"},"et-pb-portfolio-module-image":{"width":510,"height":382,"mime-type":"image\/jpeg","url":"https:\/\/esclaustre.com\/wp-content\/uploads\/2017\/06\/La-Teoria-Sueca-de-lamor-510x382.jpg"},"et-pb-gallery-module-image-portrait":{"width":400,"height":516,"mime-type":"image\/jpeg","url":"https:\/\/esclaustre.com\/wp-content\/uploads\/2017\/06\/La-Teoria-Sueca-de-lamor-400x516.jpg"}}},"all_day":false,"start_date":"2017-07-03 22:00:00","start_date_details":{"year":"2017","month":"07","day":"03","hour":"22","minutes":"00","seconds":"00"},"end_date":"2017-07-03 23:30:00","end_date_details":{"year":"2017","month":"07","day":"03","hour":"23","minutes":"30","seconds":"00"},"utc_start_date":"2017-07-03 22:00:00","utc_start_date_details":{"year":"2017","month":"07","day":"03","hour":"22","minutes":"00","seconds":"00"},"utc_end_date":"2017-07-03 23:30:00","utc_end_date_details":{"year":"2017","month":"07","day":"03","hour":"23","minutes":"30","seconds":"00"},"timezone":"UTC+0","timezone_abbr":"","cost":"","cost_details":{"currency_symbol":"","currency_code":"","currency_position":"prefix","values":[]},"website":"","show_map":true,"show_map_link":true,"hide_from_listings":false,"sticky":false,"featured":false,"categories":[{"name":"Cinema","slug":"cinema-en","term_group":0,"term_taxonomy_id":116,"taxonomy":"tribe_events_cat","description":"","parent":0,"count":38,"filter":"raw","id":116,"urls":{"self":"https:\/\/esclaustre.com\/en\/wp-json\/tribe\/events\/v1\/categories\/116","collection":"https:\/\/esclaustre.com\/en\/wp-json\/tribe\/events\/v1\/categories"}}],"tags":[{"name":"DOCS","slug":"docs-en","term_group":0,"term_taxonomy_id":112,"taxonomy":"post_tag","description":"","parent":0,"count":9,"filter":"raw","id":112,"urls":{"self":"https:\/\/esclaustre.com\/en\/wp-json\/tribe\/events\/v1\/tags\/112","collection":"https:\/\/esclaustre.com\/en\/wp-json\/tribe\/events\/v1\/tags"}},{"name":"Documental","slug":"documental-en","term_group":0,"term_taxonomy_id":113,"taxonomy":"post_tag","description":"","parent":0,"count":17,"filter":"raw","id":113,"urls":{"self":"https:\/\/esclaustre.com\/en\/wp-json\/tribe\/events\/v1\/tags\/113","collection":"https:\/\/esclaustre.com\/en\/wp-json\/tribe\/events\/v1\/tags"}},{"name":"Erik Gandini","slug":"erik-gandini-en","term_group":0,"term_taxonomy_id":256,"taxonomy":"post_tag","description":"","parent":0,"count":1,"filter":"raw","id":256,"urls":{"self":"https:\/\/esclaustre.com\/en\/wp-json\/tribe\/events\/v1\/tags\/256","collection":"https:\/\/esclaustre.com\/en\/wp-json\/tribe\/events\/v1\/tags"}}],"venue":{"id":10072,"author":"1","status":"publish","date":"2017-06-10 10:10:47","date_utc":"2017-06-10 10:10:47","modified":"2024-02-17 13:07:33","modified_utc":"2024-02-17 13:07:33","url":"https:\/\/esclaustre.com\/en\/venue\/es-claustre\/","venue":"Es Claustre","description":"<p style=\"text-align: center;\"><iframe style=\"border: 0;\" tabindex=\"0\" src=\"https:\/\/www.google.com\/maps\/embed?pb=!1m18!1m12!1m3!1d3061.3595677516805!2d4.264105851719876!3d39.88858119541192!2m3!1f0!2f0!3f0!3m2!1i1024!2i768!4f13.1!3m3!1m2!1s0x12be2870019e5d63%3A0xae935b0eefb3f969!2sEs%20Claustre!5e0!3m2!1sca!2ses!4v1606817715298!5m2!1sca!2ses\" width=\"800\" height=\"650\" frameborder=\"0\" allowfullscreen=\"allowfullscreen\" aria-hidden=\"false\"><span data-mce-type=\"bookmark\" style=\"display: inline-block; width: 0px; overflow: hidden; line-height: 0;\" class=\"mce_SELRES_start\">\ufeff<\/span><\/iframe><\/p>\n<p style=\"text-align: center;\"><span style=\"color: #000000;\"><strong>Es Claustre<\/strong><\/span>: espai cultural situat al centre de Ma\u00f3. Concerts, Terrassa Bar i servei de cuina.<\/p>","slug":"es-claustre","address":"Pati del Claustre del Carme, 50","city":"Ma\u00f3","province":"illes balears","zip":"07701","phone":"654961698","website":"https:\/\/esclaustre.com\/","stateprovince":"illes balears","geo_lat":39.888632,"geo_lng":4.266257,"json_ld":{"@type":"Place","name":"Es Claustre","description":"&lt;p&gt;\ufeff Es Claustre: espai cultural situat al centre de Ma\u00f3. Concerts, Terrassa Bar i servei de cuina.&lt;\/p&gt;\\n","url":"https:\/\/esclaustre.com\/en\/venue\/es-claustre\/","address":{"@type":"PostalAddress","streetAddress":"Pati del Claustre del Carme, 50","addressLocality":"Ma\u00f3","addressRegion":"illes balears","postalCode":"07701"},"geo":{"@type":"GeoCoordinates","latitude":39.888632,"longitude":4.266257},"telephone":"654961698","sameAs":"https:\/\/esclaustre.com\/"},"show_map":true,"show_map_link":true,"global_id":"esclaustre.com\/en\/?id=10072","global_id_lineage":["esclaustre.com\/en\/?id=10072"]},"organizer":[],"custom_fields":{"_ecp_custom_12":{"label":"Localitzaci\u00f3","value":"Es Claustre"},"_ecp_custom_13":{"label":"Preu","value":"Taquilla 3\u20ac"}},"json_ld":{"@context":"http:\/\/schema.org","@type":"Event","name":"La Teoria Sueca de l&#8217;Amor","description":"&lt;p&gt; El documental del mes: La Teoria Sueca de l\\'Amor&lt;\/p&gt;\\n","image":"https:\/\/esclaustre.com\/wp-content\/uploads\/2017\/06\/La-Teoria-Sueca-de-lamor.jpg","url":"https:\/\/esclaustre.com\/en\/event\/la-teoria-sueca-de-lamor\/","eventAttendanceMode":"https:\/\/schema.org\/OfflineEventAttendanceMode","eventStatus":"https:\/\/schema.org\/EventScheduled","startDate":"2017-07-03T22:00:00+00:00","endDate":"2017-07-03T23:30:00+00:00","location":{"@type":"Place","name":"Es Claustre","description":"&lt;p&gt;\ufeff Es Claustre: espai cultural situat al centre de Ma\u00f3. Concerts, Terrassa Bar i servei de cuina.&lt;\/p&gt;\\n","url":"https:\/\/esclaustre.com\/en\/venue\/es-claustre\/","address":{"@type":"PostalAddress","streetAddress":"Pati del Claustre del Carme, 50","addressLocality":"Ma\u00f3","addressRegion":"illes balears","postalCode":"07701"},"geo":{"@type":"GeoCoordinates","latitude":39.888632,"longitude":4.266257},"telephone":"654961698","sameAs":"https:\/\/esclaustre.com\/"},"performer":"Organization"},"is_virtual":false,"virtual_url":null,"virtual_video_source":""}