{"id":16461,"global_id":"esclaustre.com\/en\/?id=16461","global_id_lineage":["esclaustre.com\/en\/?id=16461"],"author":"1","status":"publish","date":"2022-09-13 14:34:43","date_utc":"2022-09-13 14:34:43","modified":"2022-09-13 14:49:18","modified_utc":"2022-09-13 14:49:18","url":"https:\/\/esclaustre.com\/en\/event\/rai-paz-trio\/","rest_url":"https:\/\/esclaustre.com\/en\/wp-json\/tribe\/events\/v1\/events\/16461","title":"Rai Paz Trio","description":"<p>[ bb_built=&#8221;1&#8243; fullwidth=&#8221;off&#8221; specialty=&#8221;on&#8221;][et_pb_column type=&#8221;3_4&#8243; specialty_columns=&#8221;3&#8243;][et_pb_row_inner admin_label=&#8221;Row&#8221; _builder_version=&#8221;3.0.51&#8243; background_position_1=&#8221;top_left&#8221; background_repeat_1=&#8221;no-repeat&#8221; module_class=&#8221;tribe-events-content__img&#8221;][et_pb_column_inner type=&#8221;4_4&#8243; saved_specialty_column_type=&#8221;3_4&#8243;][et_pb_image _builder_version=&#8221;3.0.64&#8243; show_in_lightbox=&#8221;off&#8221; url_new_window=&#8221;off&#8221; use_overlay=&#8221;off&#8221; sticky=&#8221;off&#8221; align=&#8221;left&#8221; always_center_on_mobile=&#8221;on&#8221; border_style=&#8221;solid&#8221; force_fullwidth=&#8221;off&#8221; src=&#8221;https:\/\/esclaustre.com\/wp-content\/uploads\/2022\/09\/rai-paz-trio.jpg&#8221; \/][\/et_pb_column_inner][\/et_pb_row_inner][et_pb_row_inner admin_label=&#8221;Row&#8221; _builder_version=&#8221;3.0.51&#8243; background_position_1=&#8221;top_left&#8221; background_repeat_1=&#8221;no-repeat&#8221; module_class=&#8221;tribe-events-content__content&#8221;][et_pb_column_inner type=&#8221;4_4&#8243; saved_specialty_column_type=&#8221;3_4&#8243;][et_pb_code _builder_version=&#8221;3.0.51&#8243;][socialpug_share][\/et_pb_code][et_pb_text _builder_version=&#8221;3.0.64&#8243; background_layout=&#8221;light&#8221; text_orientation=&#8221;left&#8221; border_style=&#8221;solid&#8221;]<\/p>\n<h2><strong>\u00abRai Paz Trio\u00bb \u00a0l&#8217;ess\u00e8ncia m\u00e9s jazz\u00a0<\/strong><\/h2>\n<div class=\"\">\n<p><span class=\"Y2IQFc\" lang=\"ca\">La formaci\u00f3 que encap\u00e7ala la sessi\u00f3 #17 d\u2019<a href=\"https:\/\/esclaustre.cat\/\/\" target=\"_blank\" rel=\"noopener\">Es Claustre<\/a> est\u00e0 protagonitzada per <strong>Rai Paz<\/strong> \u2013a la guitarra, <strong>Pau Lligadas<\/strong> \u2013 al contrabaix i <strong>Joan Moll<\/strong> \u2013 a la bateria.<\/span><\/p>\n<p>&nbsp;<\/p>\n<h3><strong>La Segona edici\u00f3 del cicle\u00a0Es Claustre 23<\/strong><\/h3>\n<p>&nbsp;<\/p>\n<p>Tots els diumenges, de <strong>juny a setembre<\/strong>, la terrassa d\u2019Es Claustre s\u2019omplir\u00e0 amb l\u2019escena de m\u00fasics habituals de l\u2019emblem\u00e0tic local de <strong>jazz<\/strong> de Barcelona, creant el cicle Es Claustre 23.<\/p>\n<p>Aquest concert forma part del <strong>\u00abMapa de Vincles\u00bb<\/strong> amb col\u00b7lectius, entitats, artistes o persones que Es Claustre inicia des de l&#8217;any 2021, amb <a href=\"https:\/\/23robadors.wordpress.com\" target=\"_blank\" rel=\"noopener\"><strong>Robadors 23\u00a0<\/strong><\/a><\/p>\n<p>&nbsp;<\/p>\n<p>Ma\u00f3 i el Raval connectats pel <strong>jazz<\/strong>.<\/p>\n<\/div>\n<div>\n<p>&nbsp;<\/p>\n<\/div>\n<p>[\/et_pb_text][\/et_pb_column_inner][\/et_pb_row_inner][\/et_pb_column][et_pb_column type=&#8221;1_4&#8243;][et_pb_customEventMetaFields admin_label=&#8221;EsClaustre Camps Event&#8221; _builder_version=&#8221;3.0.51&#8243; location=&#8221;on&#8221; schedule=&#8221;on&#8221; price=&#8221;on&#8221; module_class=&#8221;appendTo_tribe-events-infoBlocks_landscape&#8221; \/][et_pb_button _builder_version=&#8221;3.0.64&#8243; button_text=&#8221;BUY TICKETS&#8221; url_new_window=&#8221;on&#8221; button_alignment=&#8221;center&#8221; background_layout=&#8221;light&#8221; custom_button=&#8221;off&#8221; button_text_color=&#8221;#ffffff&#8221; button_bg_color=&#8221;#f92b44&#8243; button_border_width=&#8221;0&#8243; button_border_radius=&#8221;0&#8243; button_letter_spacing=&#8221;0&#8243; button_icon_placement=&#8221;right&#8221; button_letter_spacing_hover=&#8221;0&#8243; module_class=&#8221;btn-ticket appendTo_tribe-events-infoBlocks_landscape&#8221; button_url=&#8221;https:\/\/entradas.codetickets.com\/entradas\/sergi-felipe-trio\/28544\/esclaustre\/online?lang=en_GB&#8221; \/][et_pb_customEventCategories _builder_version=&#8221;3.0.51&#8243; \/][et_pb_customEventTags _builder_version=&#8221;3.0.51&#8243; \/][\/et_pb_column][\/]<\/p>","excerpt":"<p>\u00abRai Paz Trio\u00bb presenten el seu directe a Ma\u00f3. La formaci\u00f3 que encap\u00e7ala la sessi\u00f3 #17 d\u2019Es Claustre est\u00e0 protagonitzada per Rai Paz \u2013a la guitarra, Pau Lligadas \u2013 al contrabaix i  Joan Moll \u2013 a la bateria.<\/p>","slug":"rai-paz-trio","image":{"url":"https:\/\/esclaustre.com\/wp-content\/uploads\/2022\/09\/rai-paz-trio.jpg","id":16459,"extension":"jpg","width":1000,"height":1000,"filesize":49526,"sizes":{"woocommerce_thumbnail":{"width":300,"height":300,"mime-type":"image\/jpeg","filesize":11178,"uncropped":false,"url":"https:\/\/esclaustre.com\/wp-content\/uploads\/2022\/09\/rai-paz-trio-300x300.jpg"},"woocommerce_gallery_thumbnail":{"width":100,"height":100,"mime-type":"image\/jpeg","filesize":2581,"url":"https:\/\/esclaustre.com\/wp-content\/uploads\/2022\/09\/rai-paz-trio-100x100.jpg"},"woocommerce_single":{"width":600,"height":600,"mime-type":"image\/jpeg","filesize":30965,"url":"https:\/\/esclaustre.com\/wp-content\/uploads\/2022\/09\/rai-paz-trio-600x600.jpg"},"thumbnail":{"width":150,"height":150,"mime-type":"image\/jpeg","url":"https:\/\/esclaustre.com\/wp-content\/uploads\/2022\/09\/rai-paz-trio-150x150.jpg"},"medium":{"width":300,"height":300,"mime-type":"image\/jpeg","url":"https:\/\/esclaustre.com\/wp-content\/uploads\/2022\/09\/rai-paz-trio-300x300.jpg"},"medium_large":{"width":768,"height":768,"mime-type":"image\/jpeg","url":"https:\/\/esclaustre.com\/wp-content\/uploads\/2022\/09\/rai-paz-trio-768x768.jpg"},"home_slide":{"width":1000,"height":700,"mime-type":"image\/jpeg","url":"https:\/\/esclaustre.com\/wp-content\/uploads\/2022\/09\/rai-paz-trio-1000x700.jpg"},"thumb_event":{"width":480,"height":400,"mime-type":"image\/jpeg","url":"https:\/\/esclaustre.com\/wp-content\/uploads\/2022\/09\/rai-paz-trio-480x400.jpg"},"et-pb-post-main-image":{"width":400,"height":250,"mime-type":"image\/jpeg","url":"https:\/\/esclaustre.com\/wp-content\/uploads\/2022\/09\/rai-paz-trio-400x250.jpg"},"et-pb-post-main-image-fullwidth":{"width":1000,"height":675,"mime-type":"image\/jpeg","url":"https:\/\/esclaustre.com\/wp-content\/uploads\/2022\/09\/rai-paz-trio-1000x675.jpg"},"et-pb-portfolio-image":{"width":400,"height":284,"mime-type":"image\/jpeg","url":"https:\/\/esclaustre.com\/wp-content\/uploads\/2022\/09\/rai-paz-trio-400x284.jpg"},"et-pb-portfolio-module-image":{"width":510,"height":382,"mime-type":"image\/jpeg","url":"https:\/\/esclaustre.com\/wp-content\/uploads\/2022\/09\/rai-paz-trio-510x382.jpg"},"et-pb-gallery-module-image-portrait":{"width":400,"height":516,"mime-type":"image\/jpeg","url":"https:\/\/esclaustre.com\/wp-content\/uploads\/2022\/09\/rai-paz-trio-400x516.jpg"}}},"all_day":false,"start_date":"2022-09-25 21:00:00","start_date_details":{"year":"2022","month":"09","day":"25","hour":"21","minutes":"00","seconds":"00"},"end_date":"2022-09-25 23:30:00","end_date_details":{"year":"2022","month":"09","day":"25","hour":"23","minutes":"30","seconds":"00"},"utc_start_date":"2022-09-25 21:00:00","utc_start_date_details":{"year":"2022","month":"09","day":"25","hour":"21","minutes":"00","seconds":"00"},"utc_end_date":"2022-09-25 23:30:00","utc_end_date_details":{"year":"2022","month":"09","day":"25","hour":"23","minutes":"30","seconds":"00"},"timezone":"UTC+0","timezone_abbr":"UTC+0","cost":"","cost_details":{"currency_symbol":"","currency_code":"","currency_position":"prefix","values":[]},"website":"","show_map":true,"show_map_link":true,"hide_from_listings":false,"sticky":false,"featured":false,"categories":[{"name":"Agenda Menorca","slug":"agenda-menorca-en","term_group":0,"term_taxonomy_id":1423,"taxonomy":"tribe_events_cat","description":"","parent":0,"count":555,"filter":"raw","id":1423,"urls":{"self":"https:\/\/esclaustre.com\/en\/wp-json\/tribe\/events\/v1\/categories\/1423","collection":"https:\/\/esclaustre.com\/en\/wp-json\/tribe\/events\/v1\/categories"}},{"name":"Jazz","slug":"jazz-en","term_group":0,"term_taxonomy_id":768,"taxonomy":"tribe_events_cat","description":"","parent":0,"count":77,"filter":"raw","id":768,"urls":{"self":"https:\/\/esclaustre.com\/en\/wp-json\/tribe\/events\/v1\/categories\/768","collection":"https:\/\/esclaustre.com\/en\/wp-json\/tribe\/events\/v1\/categories"}},{"name":"M\u00fasica","slug":"musica-en","term_group":0,"term_taxonomy_id":107,"taxonomy":"tribe_events_cat","description":"","parent":0,"count":560,"filter":"raw","id":107,"urls":{"self":"https:\/\/esclaustre.com\/en\/wp-json\/tribe\/events\/v1\/categories\/107","collection":"https:\/\/esclaustre.com\/en\/wp-json\/tribe\/events\/v1\/categories"}}],"tags":[{"name":"Es Claustre 23","slug":"es-claustre-23-en","term_group":0,"term_taxonomy_id":2907,"taxonomy":"post_tag","description":"","parent":0,"count":55,"filter":"raw","id":2907,"urls":{"self":"https:\/\/esclaustre.com\/en\/wp-json\/tribe\/events\/v1\/tags\/2907","collection":"https:\/\/esclaustre.com\/en\/wp-json\/tribe\/events\/v1\/tags"}},{"name":"Rai Paz","slug":"rai-paz-en","term_group":0,"term_taxonomy_id":3319,"taxonomy":"post_tag","description":"","parent":0,"count":1,"filter":"raw","id":3319,"urls":{"self":"https:\/\/esclaustre.com\/en\/wp-json\/tribe\/events\/v1\/tags\/3319","collection":"https:\/\/esclaustre.com\/en\/wp-json\/tribe\/events\/v1\/tags"}}],"venue":{"id":10072,"author":"1","status":"publish","date":"2017-06-10 10:10:47","date_utc":"2017-06-10 10:10:47","modified":"2024-02-17 13:07:33","modified_utc":"2024-02-17 13:07:33","url":"https:\/\/esclaustre.com\/en\/venue\/es-claustre\/","venue":"Es Claustre","description":"<p style=\"text-align: center;\"><iframe style=\"border: 0;\" tabindex=\"0\" src=\"https:\/\/www.google.com\/maps\/embed?pb=!1m18!1m12!1m3!1d3061.3595677516805!2d4.264105851719876!3d39.88858119541192!2m3!1f0!2f0!3f0!3m2!1i1024!2i768!4f13.1!3m3!1m2!1s0x12be2870019e5d63%3A0xae935b0eefb3f969!2sEs%20Claustre!5e0!3m2!1sca!2ses!4v1606817715298!5m2!1sca!2ses\" width=\"800\" height=\"650\" frameborder=\"0\" allowfullscreen=\"allowfullscreen\" aria-hidden=\"false\"><span data-mce-type=\"bookmark\" style=\"display: inline-block; width: 0px; overflow: hidden; line-height: 0;\" class=\"mce_SELRES_start\">\ufeff<\/span><\/iframe><\/p>\n<p style=\"text-align: center;\"><span style=\"color: #000000;\"><strong>Es Claustre<\/strong><\/span>: espai cultural situat al centre de Ma\u00f3. Concerts, Terrassa Bar i servei de cuina.<\/p>","slug":"es-claustre","address":"Pati del Claustre del Carme, 50","city":"Ma\u00f3","province":"illes balears","zip":"07701","phone":"654961698","website":"https:\/\/esclaustre.com\/","stateprovince":"illes balears","geo_lat":39.888632,"geo_lng":4.266257,"json_ld":{"@type":"Place","name":"Es Claustre","description":"&lt;p&gt;\ufeff Es Claustre: espai cultural situat al centre de Ma\u00f3. Concerts, Terrassa Bar i servei de cuina.&lt;\/p&gt;\\n","url":"https:\/\/esclaustre.com\/en\/venue\/es-claustre\/","address":{"@type":"PostalAddress","streetAddress":"Pati del Claustre del Carme, 50","addressLocality":"Ma\u00f3","addressRegion":"illes balears","postalCode":"07701"},"geo":{"@type":"GeoCoordinates","latitude":39.888632,"longitude":4.266257},"telephone":"654961698","sameAs":"https:\/\/esclaustre.com\/"},"show_map":true,"show_map_link":true,"global_id":"esclaustre.com\/en\/?id=10072","global_id_lineage":["esclaustre.com\/en\/?id=10072"]},"organizer":[],"custom_fields":{"_ecp_custom_12":{"label":"Localitzaci\u00f3","value":"Es Claustre"},"_ecp_custom_13":{"label":"Preu","value":"11\u20ac Anticipada 14\u20ac Taquilla"}},"json_ld":{"@context":"http:\/\/schema.org","@type":"Event","name":"Rai Paz Trio","description":"&lt;p&gt;\u00abRai Paz Trio\u00bb presenten el seu directe a Ma\u00f3. La formaci\u00f3 que encap\u00e7ala la sessi\u00f3 #17 d\u2019Es Claustre est\u00e0 protagonitzada per Rai Paz \u2013a la guitarra, Pau Lligadas \u2013 al contrabaix i  Joan Moll \u2013 a la bateria.&lt;\/p&gt;\\n","image":"https:\/\/esclaustre.com\/wp-content\/uploads\/2022\/09\/rai-paz-trio.jpg","url":"https:\/\/esclaustre.com\/en\/event\/rai-paz-trio\/","eventAttendanceMode":"https:\/\/schema.org\/OfflineEventAttendanceMode","eventStatus":"https:\/\/schema.org\/EventScheduled","startDate":"2022-09-25T21:00:00+00:00","endDate":"2022-09-25T23:30:00+00:00","location":{"@type":"Place","name":"Es Claustre","description":"&lt;p&gt;\ufeff Es Claustre: espai cultural situat al centre de Ma\u00f3. Concerts, Terrassa Bar i servei de cuina.&lt;\/p&gt;\\n","url":"https:\/\/esclaustre.com\/en\/venue\/es-claustre\/","address":{"@type":"PostalAddress","streetAddress":"Pati del Claustre del Carme, 50","addressLocality":"Ma\u00f3","addressRegion":"illes balears","postalCode":"07701"},"geo":{"@type":"GeoCoordinates","latitude":39.888632,"longitude":4.266257},"telephone":"654961698","sameAs":"https:\/\/esclaustre.com\/"},"performer":"Organization"},"is_virtual":false,"virtual_url":null,"virtual_video_source":""}