{"id":26439,"global_id":"esclaustre.com\/en\/?id=26439","global_id_lineage":["esclaustre.com\/en\/?id=26439"],"author":"1","status":"publish","date":"2025-03-24 13:40:47","date_utc":"2025-03-24 12:40:47","modified":"2025-03-24 18:00:28","modified_utc":"2025-03-24 17:00:28","url":"https:\/\/esclaustre.com\/en\/event\/colectivo-panamera-2\/","rest_url":"https:\/\/esclaustre.com\/en\/wp-json\/tribe\/events\/v1\/events\/26439","title":"Colectivo Panamera","description":"<h2><strong>\u00abColectivo Panamera\u00bb nos presentan nuevo directo y nuevo disco, <em>El Recreo<\/em><\/strong><\/h2>\n<p>Nueva Gira para presentar los temas de su nuevo disco que sale editado a lo largo de este a\u00f1o 2025 y que da nombre a la gira. De su nuevo \u00e1lbum han estrenado singles como <strong>Ni\u00f1a Caipiri\u00f1a<\/strong>, <strong>Tinta Roja<\/strong> (feat Anita Gabay) o <strong>Tres Oto\u00f1os<\/strong>\u00a0(feat alberto.vela).<\/p>\n<p>Tambi\u00e9n repasar\u00e1n su discograf\u00eda de la que <strong>Mares por Navegar<\/strong>\u00a0es su \u00faltimo trabajo de estudio hasta el momento. El disco sali\u00f3 publicado en 2021.<\/p>\n<p><span style=\"font-weight: 400;\"><a href=\"https:\/\/colectivopanamera.es\/\" target=\"_blank\" rel=\"noopener\">Colectivo Panamera<\/a> se caracteriza por su mezcla de rock con ritmos latinos como la cumbia, carnavalito o calypso. Han llevado su explosiva mezcla de <\/span><b>cumbia, rock y ritmos latinos<\/b><span style=\"font-weight: 400;\">\u00a0 a los principales festivales y escenarios del estado espa\u00f1ol y Latinoam\u00e9rica. Su directo es una celebraci\u00f3n en la que el p\u00fablico se convierte en parte del espect\u00e1culo, donde cada canci\u00f3n invita al baile y cada acorde resuena con la energ\u00eda de quienes saben que la m\u00fasica es un espacio de libertad.<\/span><\/p>\n<p><a href=\"https:\/\/esclaustre.com\/en\/event\/colectivo-panamera\/\">Colectivo Panamera<\/a>, nos visitan por segunda vez, en esta ocasi\u00f3n en pleno verano, no faltes!<\/p>\n<p>&nbsp;<\/p>\n<div class=\"rve-embed-responsive rve-embed-responsive-16by9\"><iframe title=\"Colectivo Panamera - Ni\u00f1a Caipiri\u00f1a (Videoclip Oficial)\" width=\"800\" height=\"450\" src=\"https:\/\/www.youtube.com\/embed\/K6weOpwh9aw?feature=oembed\" frameborder=\"0\" allow=\"accelerometer; autoplay; clipboard-write; encrypted-media; gyroscope; picture-in-picture; web-share\" referrerpolicy=\"strict-origin-when-cross-origin\" allowfullscreen><\/iframe><\/div>\n<p>&nbsp;<\/p>","excerpt":"<p>\u00abColectivo Panamera\u00bb nos presentan nuevo directo y nuevo disco: El Recreo<br \/>\nNueva Gira para presentar los temas de su nuevo disco que sale editado a lo largo de este a\u00f1o 2025 y que da nombre a la gira.<\/p>","slug":"colectivo-panamera-2","image":{"url":"https:\/\/esclaustre.com\/wp-content\/uploads\/2025\/03\/Colectivo_Panamera.jpeg","id":26436,"extension":"jpeg","width":1000,"height":667,"filesize":151588,"sizes":{"medium":{"width":300,"height":200,"mime-type":"image\/jpeg","filesize":11909,"url":"https:\/\/esclaustre.com\/wp-content\/uploads\/2025\/03\/Colectivo_Panamera-300x200.jpeg"},"thumbnail":{"width":150,"height":150,"mime-type":"image\/jpeg","filesize":5581,"url":"https:\/\/esclaustre.com\/wp-content\/uploads\/2025\/03\/Colectivo_Panamera-150x150.jpeg"},"medium_large":{"width":768,"height":512,"mime-type":"image\/jpeg","filesize":48989,"url":"https:\/\/esclaustre.com\/wp-content\/uploads\/2025\/03\/Colectivo_Panamera-768x512.jpeg"},"woocommerce_thumbnail":{"width":300,"height":300,"mime-type":"image\/jpeg","filesize":14886,"url":"https:\/\/esclaustre.com\/wp-content\/uploads\/2025\/03\/Colectivo_Panamera-300x300.jpeg"},"woocommerce_single":{"width":600,"height":400,"mime-type":"image\/jpeg","filesize":34166,"url":"https:\/\/esclaustre.com\/wp-content\/uploads\/2025\/03\/Colectivo_Panamera-600x400.jpeg"},"woocommerce_gallery_thumbnail":{"width":100,"height":100,"mime-type":"image\/jpeg","filesize":3286,"url":"https:\/\/esclaustre.com\/wp-content\/uploads\/2025\/03\/Colectivo_Panamera-100x100.jpeg"}}},"all_day":false,"start_date":"2025-08-06 21:00:00","start_date_details":{"year":"2025","month":"08","day":"06","hour":"21","minutes":"00","seconds":"00"},"end_date":"2025-08-06 23:30:00","end_date_details":{"year":"2025","month":"08","day":"06","hour":"23","minutes":"30","seconds":"00"},"utc_start_date":"2025-08-06 19:00:00","utc_start_date_details":{"year":"2025","month":"08","day":"06","hour":"19","minutes":"00","seconds":"00"},"utc_end_date":"2025-08-06 21:30:00","utc_end_date_details":{"year":"2025","month":"08","day":"06","hour":"21","minutes":"30","seconds":"00"},"timezone":"Europe\/Madrid","timezone_abbr":"CEST","cost":"20\u20ac","cost_details":{"currency_symbol":"\u20ac","currency_code":"EUR","currency_position":"suffix","values":["20"]},"website":"https:\/\/entradas.codetickets.com\/entradas\/colectivo-panamera_3763\/66227\/esclaustre\/online","show_map":true,"show_map_link":true,"hide_from_listings":false,"sticky":true,"featured":true,"categories":[{"name":"Agenda Menorca","slug":"agenda-menorca-en","term_group":0,"term_taxonomy_id":1423,"taxonomy":"tribe_events_cat","description":"","parent":0,"count":558,"filter":"raw","id":1423,"urls":{"self":"https:\/\/esclaustre.com\/en\/wp-json\/tribe\/events\/v1\/categories\/1423","collection":"https:\/\/esclaustre.com\/en\/wp-json\/tribe\/events\/v1\/categories"}},{"name":"Altres esdeveniments","slug":"altres-esdeveniments-en","term_group":0,"term_taxonomy_id":4150,"taxonomy":"tribe_events_cat","description":"","parent":0,"count":90,"filter":"raw","id":4150,"urls":{"self":"https:\/\/esclaustre.com\/en\/wp-json\/tribe\/events\/v1\/categories\/4150","collection":"https:\/\/esclaustre.com\/en\/wp-json\/tribe\/events\/v1\/categories"}},{"name":"Cultura","slug":"cultura-en","term_group":0,"term_taxonomy_id":650,"taxonomy":"tribe_events_cat","description":"","parent":0,"count":220,"filter":"raw","id":650,"urls":{"self":"https:\/\/esclaustre.com\/en\/wp-json\/tribe\/events\/v1\/categories\/650","collection":"https:\/\/esclaustre.com\/en\/wp-json\/tribe\/events\/v1\/categories"}}],"tags":[{"name":"Colectivo Panamera","slug":"colectivo-panamera-en","term_group":0,"term_taxonomy_id":4277,"taxonomy":"post_tag","description":"","parent":0,"count":1,"filter":"raw","id":4277,"urls":{"self":"https:\/\/esclaustre.com\/en\/wp-json\/tribe\/events\/v1\/tags\/4277","collection":"https:\/\/esclaustre.com\/en\/wp-json\/tribe\/events\/v1\/tags"}},{"name":"Cumbia","slug":"cumbia-en","term_group":0,"term_taxonomy_id":976,"taxonomy":"post_tag","description":"","parent":0,"count":7,"filter":"raw","id":976,"urls":{"self":"https:\/\/esclaustre.com\/en\/wp-json\/tribe\/events\/v1\/tags\/976","collection":"https:\/\/esclaustre.com\/en\/wp-json\/tribe\/events\/v1\/tags"}},{"name":"Latin","slug":"latin-en","term_group":0,"term_taxonomy_id":952,"taxonomy":"post_tag","description":"","parent":0,"count":4,"filter":"raw","id":952,"urls":{"self":"https:\/\/esclaustre.com\/en\/wp-json\/tribe\/events\/v1\/tags\/952","collection":"https:\/\/esclaustre.com\/en\/wp-json\/tribe\/events\/v1\/tags"}}],"venue":{"id":10072,"author":"1","status":"publish","date":"2017-06-10 10:10:47","date_utc":"2017-06-10 10:10:47","modified":"2024-02-17 13:07:33","modified_utc":"2024-02-17 13:07:33","url":"https:\/\/esclaustre.com\/en\/venue\/es-claustre\/","venue":"Es Claustre","description":"<p style=\"text-align: center;\"><iframe style=\"border: 0;\" tabindex=\"0\" src=\"https:\/\/www.google.com\/maps\/embed?pb=!1m18!1m12!1m3!1d3061.3595677516805!2d4.264105851719876!3d39.88858119541192!2m3!1f0!2f0!3f0!3m2!1i1024!2i768!4f13.1!3m3!1m2!1s0x12be2870019e5d63%3A0xae935b0eefb3f969!2sEs%20Claustre!5e0!3m2!1sca!2ses!4v1606817715298!5m2!1sca!2ses\" width=\"800\" height=\"650\" frameborder=\"0\" allowfullscreen=\"allowfullscreen\" aria-hidden=\"false\"><span data-mce-type=\"bookmark\" style=\"display: inline-block; width: 0px; overflow: hidden; line-height: 0;\" class=\"mce_SELRES_start\">\ufeff<\/span><\/iframe><\/p>\n<p style=\"text-align: center;\"><span style=\"color: #000000;\"><strong>Es Claustre<\/strong><\/span>: espai cultural situat al centre de Ma\u00f3. Concerts, Terrassa Bar i servei de cuina.<\/p>","slug":"es-claustre","address":"Pati del Claustre del Carme, 50","city":"Ma\u00f3","province":"illes balears","zip":"07701","phone":"654961698","website":"https:\/\/esclaustre.com\/","stateprovince":"illes balears","geo_lat":39.888632,"geo_lng":4.266257,"json_ld":{"@type":"Place","name":"Es Claustre","description":"&lt;p&gt;\ufeff Es Claustre: espai cultural situat al centre de Ma\u00f3. Concerts, Terrassa Bar i servei de cuina.&lt;\/p&gt;\\n","url":"https:\/\/esclaustre.com\/en\/venue\/es-claustre\/","address":{"@type":"PostalAddress","streetAddress":"Pati del Claustre del Carme, 50","addressLocality":"Ma\u00f3","addressRegion":"illes balears","postalCode":"07701"},"geo":{"@type":"GeoCoordinates","latitude":39.888632,"longitude":4.266257},"telephone":"654961698","sameAs":"https:\/\/esclaustre.com\/"},"show_map":true,"show_map_link":true,"global_id":"esclaustre.com\/en\/?id=10072","global_id_lineage":["esclaustre.com\/en\/?id=10072"]},"organizer":[{"id":24487,"author":"1","status":"publish","date":"2017-06-10 10:11:28","date_utc":"2017-06-10 08:11:28","modified":"2024-10-03 23:54:59","modified_utc":"2024-10-03 21:54:59","url":"https:\/\/esclaustre.com\/en\/organizer\/82\/","organizer":"ES CLAUSTRE","description":"<p><strong>Es Claustre<\/strong> Espai Cultural a Ma\u00f3. Un espai obert amb un programa cultural divers de festa compartida i cultura viva.<\/p>","excerpt":"<p>Es Claustre Espai Cultural a Ma\u00f3. Un espai obert amb un programa cultural divers de festa compartida i cultura viva. <\/p>","slug":"82","image":{"url":"https:\/\/esclaustre.com\/wp-content\/uploads\/2018\/12\/Terrassa.jpg","id":4633,"extension":"jpg","width":1000,"height":667,"filesize":106029,"sizes":{"woocommerce_thumbnail":{"width":300,"height":300,"mime-type":"image\/jpeg","filesize":18642,"uncropped":false,"url":"https:\/\/esclaustre.com\/wp-content\/uploads\/2018\/12\/Terrassa-300x300.jpg"},"woocommerce_gallery_thumbnail":{"width":100,"height":100,"mime-type":"image\/jpeg","filesize":3473,"url":"https:\/\/esclaustre.com\/wp-content\/uploads\/2018\/12\/Terrassa-100x100.jpg"},"woocommerce_single":{"width":600,"height":400,"mime-type":"image\/jpeg","filesize":44588,"url":"https:\/\/esclaustre.com\/wp-content\/uploads\/2018\/12\/Terrassa-600x400.jpg"},"thumbnail":{"width":150,"height":150,"mime-type":"image\/jpeg","url":"https:\/\/esclaustre.com\/wp-content\/uploads\/2018\/12\/Terrassa-150x150.jpg"},"medium":{"width":300,"height":200,"mime-type":"image\/jpeg","url":"https:\/\/esclaustre.com\/wp-content\/uploads\/2018\/12\/Terrassa-300x200.jpg"},"medium_large":{"width":768,"height":512,"mime-type":"image\/jpeg","url":"https:\/\/esclaustre.com\/wp-content\/uploads\/2018\/12\/Terrassa-768x512.jpg"},"thumb_event":{"width":480,"height":400,"mime-type":"image\/jpeg","url":"https:\/\/esclaustre.com\/wp-content\/uploads\/2018\/12\/Terrassa-480x400.jpg"},"et-pb-post-main-image":{"width":400,"height":250,"mime-type":"image\/jpeg","url":"https:\/\/esclaustre.com\/wp-content\/uploads\/2018\/12\/Terrassa-400x250.jpg"},"et-pb-portfolio-image":{"width":400,"height":284,"mime-type":"image\/jpeg","url":"https:\/\/esclaustre.com\/wp-content\/uploads\/2018\/12\/Terrassa-400x284.jpg"},"et-pb-portfolio-module-image":{"width":510,"height":382,"mime-type":"image\/jpeg","url":"https:\/\/esclaustre.com\/wp-content\/uploads\/2018\/12\/Terrassa-510x382.jpg"},"et-pb-gallery-module-image-portrait":{"width":400,"height":516,"mime-type":"image\/jpeg","url":"https:\/\/esclaustre.com\/wp-content\/uploads\/2018\/12\/Terrassa-400x516.jpg"}}},"phone":"+ 34 654 961 698","website":"https:\/\/esclaustre.com","email":"info@esclaustre.com","json_ld":{"@type":"Person","name":"ES CLAUSTRE","description":"&lt;p&gt;Es Claustre Espai Cultural a Ma\u00f3. Un espai obert amb un programa cultural divers de festa compartida i cultura viva. &lt;\/p&gt;\\n","image":"https:\/\/esclaustre.com\/wp-content\/uploads\/2018\/12\/Terrassa.jpg","url":"https:\/\/esclaustre.com","telephone":"+ 34 654 961 698","email":"&#105;&#110;fo&#64;&#101;sc&#108;aus&#116;&#114;e&#46;&#99;&#111;&#109;","sameAs":"https:\/\/esclaustre.com"},"global_id":"esclaustre.com\/en\/?id=24487","global_id_lineage":["esclaustre.com\/en\/?id=24487"]}],"custom_fields":{"_ecp_custom_12":{"label":"Localitzaci\u00f3","value":"Es Claustre"},"_ecp_custom_13":{"label":"Preu","value":"20"}},"json_ld":{"@context":"http:\/\/schema.org","@type":"Event","name":"Colectivo Panamera","description":"&lt;p&gt;\u00abColectivo Panamera\u00bb nos presentan nuevo directo y nuevo disco: El Recreo&lt;br \/&gt;\\nNueva Gira para presentar los temas de su nuevo disco que sale editado a lo largo de este a\u00f1o 2025 y que da nombre a la gira.&lt;\/p&gt;\\n","image":"https:\/\/esclaustre.com\/wp-content\/uploads\/2025\/03\/Colectivo_Panamera.jpeg","url":"https:\/\/esclaustre.com\/en\/event\/colectivo-panamera-2\/","eventAttendanceMode":"https:\/\/schema.org\/OfflineEventAttendanceMode","eventStatus":"https:\/\/schema.org\/EventScheduled","startDate":"2025-08-06T21:00:00+02:00","endDate":"2025-08-06T23:30:00+02:00","location":{"@type":"Place","name":"Es Claustre","description":"&lt;p&gt;\ufeff Es Claustre: espai cultural situat al centre de Ma\u00f3. Concerts, Terrassa Bar i servei de cuina.&lt;\/p&gt;\\n","url":"https:\/\/esclaustre.com\/en\/venue\/es-claustre\/","address":{"@type":"PostalAddress","streetAddress":"Pati del Claustre del Carme, 50","addressLocality":"Ma\u00f3","addressRegion":"illes balears","postalCode":"07701"},"geo":{"@type":"GeoCoordinates","latitude":39.888632,"longitude":4.266257},"telephone":"654961698","sameAs":"https:\/\/esclaustre.com\/"},"organizer":{"@type":"Person","name":"ES CLAUSTRE","description":"&lt;p&gt;Es Claustre Espai Cultural a Ma\u00f3. Un espai obert amb un programa cultural divers de festa compartida i cultura viva. &lt;\/p&gt;\\n","image":"https:\/\/esclaustre.com\/wp-content\/uploads\/2018\/12\/Terrassa.jpg","url":"https:\/\/esclaustre.com","telephone":"+ 34 654 961 698","email":"&#105;&#110;fo&#64;escl&#97;u&#115;tr&#101;.co&#109;","sameAs":"https:\/\/esclaustre.com"},"offers":{"@type":"Offer","price":"20","priceCurrency":"EUR","url":"https:\/\/esclaustre.com\/en\/event\/colectivo-panamera-2\/","category":"primary","availability":"inStock","validFrom":"1970-01-01T00:00:00+00:00"},"performer":"Organization"},"is_virtual":false,"virtual_url":null,"virtual_video_source":""}