{"id":26757,"global_id":"esclaustre.com\/en\/?id=26757","global_id_lineage":["esclaustre.com\/en\/?id=26757"],"author":"1","status":"publish","date":"2024-05-17 12:04:32","date_utc":"2024-05-17 10:04:32","modified":"2025-05-27 18:19:09","modified_utc":"2025-05-27 16:19:09","url":"https:\/\/esclaustre.com\/en\/event\/ses-bisties-de-mongofre\/","rest_url":"https:\/\/esclaustre.com\/en\/wp-json\/tribe\/events\/v1\/events\/26757","title":"Ses B\u00edsties de Mongofre","description":"<h2><strong>\u00abSes B\u00edsties de Mongofre\u00bb festius i compromesos amb la terra i la cultura.<\/strong><\/h2>\n<p><strong>Ses B\u00edsties de Mongofre<\/strong> \u00e9s un grup menorqu\u00ed format a finals del 2019 amb l\u2019objectiu de fer temes propis. Durant aquests anys han fet diferents concerts per Menorca i Catalunya i han publicat diferents can\u00e7ons amb l\u2019EP Hivern i el seu primer disc A Borinar!. Durant el 2025 continuen presentant nous temes als seus directes i a les principals plataformes digitals. Es caracteritzen per una pres\u00e8ncia energ\u00e8tica dalt l\u2019escenari i per fer una m\u00fasica festiva, fresca i alegre, que es combina amb alguns temes m\u00e9s reflexius o profunds. El grup s\u2019autodefineix dintre del <strong>folk<\/strong>, tot i que les seves can\u00e7ons tamb\u00e9 agafen trets de la <strong>rumba catalana<\/strong> i d\u2019estils m\u00e9s urbans com el <strong>rap<\/strong>.<\/p>\n<p><a href=\"https:\/\/linktr.ee\/sesbisties\" target=\"_blank\" rel=\"noopener\">Ses B\u00edsties de Mongofre<\/a> estan compromesos amb la terra i la cultura, les can\u00e7ons descriuen totes aquestes situacions i intimitats sense deixar de banda una perspectiva cr\u00edtica amb les q\u00fcestions pol\u00edtiques i socials d\u2019actualitat.<\/p>\n<p>Els varem tenir en la festa de celebraci\u00f3 dels 15 Anys, juntament amb <strong>Verlaat<\/strong> i <strong>Ant\u00f2nia Font<\/strong>, tamb\u00e9 l&#8217;any passat i de nou dins <a href=\"http:\/\/www.esclaustre.com\">Es Claustre<\/a>.<\/p>\n<p>&nbsp;<\/p>\n<div class=\"rve-embed-responsive rve-embed-responsive-16by9\"><iframe title=\"Ses B\u00edsties de Mongofre - Perduts\" width=\"800\" height=\"450\" src=\"https:\/\/www.youtube.com\/embed\/pcWfRTWzSHk?feature=oembed\" frameborder=\"0\" allow=\"accelerometer; autoplay; clipboard-write; encrypted-media; gyroscope; picture-in-picture; web-share\" referrerpolicy=\"strict-origin-when-cross-origin\" allowfullscreen><\/iframe><\/div>","excerpt":"<p>Ses B\u00edsties de Mongofre \u00e9s un grup menorqu\u00ed format a finals del 2019 amb l\u2019objectiu de fer temes propis. Es caracteritzen per una pres\u00e8ncia energ\u00e8tica dalt l&#8217;escenari i per fer una m\u00fasica festiva, fresca i alegre, que es combina amb alguns temes m\u00e9s reflexius o profunds. Compromesos amb la terra i la cultura, les can\u00e7ons descriuen totes aquestes situacions i intimitats sense deixar de banda una perspectiva cr\u00edtica amb les q\u00fcestions pol\u00edtiques i socials d&#8217;actualitat.<\/p>","slug":"ses-bisties-de-mongofre","image":{"url":"https:\/\/esclaustre.com\/wp-content\/uploads\/2024\/05\/Ses_Bisties_de_Mongofre.jpeg","id":29207,"extension":"jpeg","width":1000,"height":667,"filesize":238744,"sizes":{"medium":{"width":300,"height":200,"mime-type":"image\/jpeg","filesize":18354,"url":"https:\/\/esclaustre.com\/wp-content\/uploads\/2024\/05\/Ses_Bisties_de_Mongofre-300x200.jpeg"},"thumbnail":{"width":150,"height":150,"mime-type":"image\/jpeg","filesize":8236,"url":"https:\/\/esclaustre.com\/wp-content\/uploads\/2024\/05\/Ses_Bisties_de_Mongofre-150x150.jpeg"},"medium_large":{"width":768,"height":512,"mime-type":"image\/jpeg","filesize":104120,"url":"https:\/\/esclaustre.com\/wp-content\/uploads\/2024\/05\/Ses_Bisties_de_Mongofre-768x512.jpeg"},"woocommerce_thumbnail":{"width":300,"height":300,"mime-type":"image\/jpeg","filesize":27991,"url":"https:\/\/esclaustre.com\/wp-content\/uploads\/2024\/05\/Ses_Bisties_de_Mongofre-300x300.jpeg"},"woocommerce_single":{"width":600,"height":400,"mime-type":"image\/jpeg","filesize":66879,"url":"https:\/\/esclaustre.com\/wp-content\/uploads\/2024\/05\/Ses_Bisties_de_Mongofre-600x400.jpeg"},"woocommerce_gallery_thumbnail":{"width":100,"height":100,"mime-type":"image\/jpeg","filesize":4374,"url":"https:\/\/esclaustre.com\/wp-content\/uploads\/2024\/05\/Ses_Bisties_de_Mongofre-100x100.jpeg"}}},"all_day":false,"start_date":"2025-06-14 21:00:00","start_date_details":{"year":"2025","month":"06","day":"14","hour":"21","minutes":"00","seconds":"00"},"end_date":"2025-06-14 23:30:00","end_date_details":{"year":"2025","month":"06","day":"14","hour":"23","minutes":"30","seconds":"00"},"utc_start_date":"2025-06-14 19:00:00","utc_start_date_details":{"year":"2025","month":"06","day":"14","hour":"19","minutes":"00","seconds":"00"},"utc_end_date":"2025-06-14 21:30:00","utc_end_date_details":{"year":"2025","month":"06","day":"14","hour":"21","minutes":"30","seconds":"00"},"timezone":"Europe\/Madrid","timezone_abbr":"CEST","cost":"15\u20ac","cost_details":{"currency_symbol":"\u20ac","currency_code":"EUR\t\t\t\t\t\t\tclass=\t\t\t\t\t\t\tclass=\t\t\t\t\t\t\tclass=","currency_position":"suffix","values":["15"]},"website":"https:\/\/entradas.codetickets.com\/entradas\/ses-bisties-de-nomgofre\/68027\/esclaustre\/online","show_map":true,"show_map_link":true,"hide_from_listings":false,"sticky":true,"featured":true,"categories":[{"name":"Agenda Menorca","slug":"agenda-menorca-en","term_group":0,"term_taxonomy_id":1423,"taxonomy":"tribe_events_cat","description":"","parent":0,"count":558,"filter":"raw","id":1423,"urls":{"self":"https:\/\/esclaustre.com\/en\/wp-json\/tribe\/events\/v1\/categories\/1423","collection":"https:\/\/esclaustre.com\/en\/wp-json\/tribe\/events\/v1\/categories"}},{"name":"Altres esdeveniments","slug":"altres-esdeveniments-en","term_group":0,"term_taxonomy_id":4150,"taxonomy":"tribe_events_cat","description":"","parent":0,"count":90,"filter":"raw","id":4150,"urls":{"self":"https:\/\/esclaustre.com\/en\/wp-json\/tribe\/events\/v1\/categories\/4150","collection":"https:\/\/esclaustre.com\/en\/wp-json\/tribe\/events\/v1\/categories"}},{"name":"M\u00fasica","slug":"musica-en","term_group":0,"term_taxonomy_id":107,"taxonomy":"tribe_events_cat","description":"","parent":0,"count":560,"filter":"raw","id":107,"urls":{"self":"https:\/\/esclaustre.com\/en\/wp-json\/tribe\/events\/v1\/categories\/107","collection":"https:\/\/esclaustre.com\/en\/wp-json\/tribe\/events\/v1\/categories"}}],"tags":[{"name":"Folk","slug":"folk-en","term_group":0,"term_taxonomy_id":160,"taxonomy":"post_tag","description":"","parent":0,"count":52,"filter":"raw","id":160,"urls":{"self":"https:\/\/esclaustre.com\/en\/wp-json\/tribe\/events\/v1\/tags\/160","collection":"https:\/\/esclaustre.com\/en\/wp-json\/tribe\/events\/v1\/tags"}},{"name":"Menorca","slug":"menorca-en","term_group":0,"term_taxonomy_id":210,"taxonomy":"post_tag","description":"","parent":0,"count":103,"filter":"raw","id":210,"urls":{"self":"https:\/\/esclaustre.com\/en\/wp-json\/tribe\/events\/v1\/tags\/210","collection":"https:\/\/esclaustre.com\/en\/wp-json\/tribe\/events\/v1\/tags"}},{"name":"pop","slug":"pop-en","term_group":0,"term_taxonomy_id":133,"taxonomy":"post_tag","description":"","parent":0,"count":62,"filter":"raw","id":133,"urls":{"self":"https:\/\/esclaustre.com\/en\/wp-json\/tribe\/events\/v1\/tags\/133","collection":"https:\/\/esclaustre.com\/en\/wp-json\/tribe\/events\/v1\/tags"}},{"name":"Rap","slug":"rap-en","term_group":0,"term_taxonomy_id":1124,"taxonomy":"post_tag","description":"","parent":0,"count":16,"filter":"raw","id":1124,"urls":{"self":"https:\/\/esclaustre.com\/en\/wp-json\/tribe\/events\/v1\/tags\/1124","collection":"https:\/\/esclaustre.com\/en\/wp-json\/tribe\/events\/v1\/tags"}},{"name":"Rumba Catalana","slug":"rumba-catalana-en","term_group":0,"term_taxonomy_id":4293,"taxonomy":"post_tag","description":"","parent":0,"count":1,"filter":"raw","id":4293,"urls":{"self":"https:\/\/esclaustre.com\/en\/wp-json\/tribe\/events\/v1\/tags\/4293","collection":"https:\/\/esclaustre.com\/en\/wp-json\/tribe\/events\/v1\/tags"}}],"venue":{"id":10072,"author":"1","status":"publish","date":"2017-06-10 10:10:47","date_utc":"2017-06-10 10:10:47","modified":"2024-02-17 13:07:33","modified_utc":"2024-02-17 13:07:33","url":"https:\/\/esclaustre.com\/en\/venue\/es-claustre\/","venue":"Es Claustre","description":"<p style=\"text-align: center;\"><iframe style=\"border: 0;\" tabindex=\"0\" src=\"https:\/\/www.google.com\/maps\/embed?pb=!1m18!1m12!1m3!1d3061.3595677516805!2d4.264105851719876!3d39.88858119541192!2m3!1f0!2f0!3f0!3m2!1i1024!2i768!4f13.1!3m3!1m2!1s0x12be2870019e5d63%3A0xae935b0eefb3f969!2sEs%20Claustre!5e0!3m2!1sca!2ses!4v1606817715298!5m2!1sca!2ses\" width=\"800\" height=\"650\" frameborder=\"0\" allowfullscreen=\"allowfullscreen\" aria-hidden=\"false\"><span data-mce-type=\"bookmark\" style=\"display: inline-block; width: 0px; overflow: hidden; line-height: 0;\" class=\"mce_SELRES_start\">\ufeff<\/span><\/iframe><\/p>\n<p style=\"text-align: center;\"><span style=\"color: #000000;\"><strong>Es Claustre<\/strong><\/span>: espai cultural situat al centre de Ma\u00f3. Concerts, Terrassa Bar i servei de cuina.<\/p>","slug":"es-claustre","address":"Pati del Claustre del Carme, 50","city":"Ma\u00f3","province":"illes balears","zip":"07701","phone":"654961698","website":"https:\/\/esclaustre.com\/","stateprovince":"illes balears","geo_lat":39.888632,"geo_lng":4.266257,"json_ld":{"@type":"Place","name":"Es Claustre","description":"&lt;p&gt;\ufeff Es Claustre: espai cultural situat al centre de Ma\u00f3. Concerts, Terrassa Bar i servei de cuina.&lt;\/p&gt;\\n","url":"https:\/\/esclaustre.com\/en\/venue\/es-claustre\/","address":{"@type":"PostalAddress","streetAddress":"Pati del Claustre del Carme, 50","addressLocality":"Ma\u00f3","addressRegion":"illes balears","postalCode":"07701"},"geo":{"@type":"GeoCoordinates","latitude":39.888632,"longitude":4.266257},"telephone":"654961698","sameAs":"https:\/\/esclaustre.com\/"},"show_map":true,"show_map_link":true,"global_id":"esclaustre.com\/en\/?id=10072","global_id_lineage":["esclaustre.com\/en\/?id=10072"]},"organizer":[{"id":24487,"author":"1","status":"publish","date":"2017-06-10 10:11:28","date_utc":"2017-06-10 08:11:28","modified":"2024-10-03 23:54:59","modified_utc":"2024-10-03 21:54:59","url":"https:\/\/esclaustre.com\/en\/organizer\/82\/","organizer":"ES CLAUSTRE","description":"<p><strong>Es Claustre<\/strong> Espai Cultural a Ma\u00f3. Un espai obert amb un programa cultural divers de festa compartida i cultura viva.<\/p>","excerpt":"<p>Es Claustre Espai Cultural a Ma\u00f3. Un espai obert amb un programa cultural divers de festa compartida i cultura viva. <\/p>","slug":"82","image":{"url":"https:\/\/esclaustre.com\/wp-content\/uploads\/2018\/12\/Terrassa.jpg","id":4633,"extension":"jpg","width":1000,"height":667,"filesize":106029,"sizes":{"woocommerce_thumbnail":{"width":300,"height":300,"mime-type":"image\/jpeg","filesize":18642,"uncropped":false,"url":"https:\/\/esclaustre.com\/wp-content\/uploads\/2018\/12\/Terrassa-300x300.jpg"},"woocommerce_gallery_thumbnail":{"width":100,"height":100,"mime-type":"image\/jpeg","filesize":3473,"url":"https:\/\/esclaustre.com\/wp-content\/uploads\/2018\/12\/Terrassa-100x100.jpg"},"woocommerce_single":{"width":600,"height":400,"mime-type":"image\/jpeg","filesize":44588,"url":"https:\/\/esclaustre.com\/wp-content\/uploads\/2018\/12\/Terrassa-600x400.jpg"},"thumbnail":{"width":150,"height":150,"mime-type":"image\/jpeg","url":"https:\/\/esclaustre.com\/wp-content\/uploads\/2018\/12\/Terrassa-150x150.jpg"},"medium":{"width":300,"height":200,"mime-type":"image\/jpeg","url":"https:\/\/esclaustre.com\/wp-content\/uploads\/2018\/12\/Terrassa-300x200.jpg"},"medium_large":{"width":768,"height":512,"mime-type":"image\/jpeg","url":"https:\/\/esclaustre.com\/wp-content\/uploads\/2018\/12\/Terrassa-768x512.jpg"},"thumb_event":{"width":480,"height":400,"mime-type":"image\/jpeg","url":"https:\/\/esclaustre.com\/wp-content\/uploads\/2018\/12\/Terrassa-480x400.jpg"},"et-pb-post-main-image":{"width":400,"height":250,"mime-type":"image\/jpeg","url":"https:\/\/esclaustre.com\/wp-content\/uploads\/2018\/12\/Terrassa-400x250.jpg"},"et-pb-portfolio-image":{"width":400,"height":284,"mime-type":"image\/jpeg","url":"https:\/\/esclaustre.com\/wp-content\/uploads\/2018\/12\/Terrassa-400x284.jpg"},"et-pb-portfolio-module-image":{"width":510,"height":382,"mime-type":"image\/jpeg","url":"https:\/\/esclaustre.com\/wp-content\/uploads\/2018\/12\/Terrassa-510x382.jpg"},"et-pb-gallery-module-image-portrait":{"width":400,"height":516,"mime-type":"image\/jpeg","url":"https:\/\/esclaustre.com\/wp-content\/uploads\/2018\/12\/Terrassa-400x516.jpg"}}},"phone":"+ 34 654 961 698","website":"https:\/\/esclaustre.com","email":"info@esclaustre.com","json_ld":{"@type":"Person","name":"ES CLAUSTRE","description":"&lt;p&gt;Es Claustre Espai Cultural a Ma\u00f3. Un espai obert amb un programa cultural divers de festa compartida i cultura viva. &lt;\/p&gt;\\n","image":"https:\/\/esclaustre.com\/wp-content\/uploads\/2018\/12\/Terrassa.jpg","url":"https:\/\/esclaustre.com","telephone":"+ 34 654 961 698","email":"i&#110;&#102;&#111;&#64;e&#115;&#99;&#108;&#97;u&#115;t&#114;e.co&#109;","sameAs":"https:\/\/esclaustre.com"},"global_id":"esclaustre.com\/en\/?id=24487","global_id_lineage":["esclaustre.com\/en\/?id=24487"]}],"custom_fields":{"_ecp_custom_12":{"label":"Localitzaci\u00f3","value":"Es Claustre"},"_ecp_custom_13":{"label":"Preu","value":"15\u20ac Anticipada"}},"json_ld":{"@context":"http:\/\/schema.org","@type":"Event","name":"Ses B\u00edsties de Mongofre","description":"&lt;p&gt;Ses B\u00edsties de Mongofre \u00e9s un grup menorqu\u00ed format a finals del 2019 amb l\u2019objectiu de fer temes propis. Es caracteritzen per una pres\u00e8ncia energ\u00e8tica dalt l\\'escenari i per fer una m\u00fasica festiva, fresca i alegre, que es combina amb alguns temes m\u00e9s reflexius o profunds. Compromesos amb la terra i la cultura, les can\u00e7ons descriuen totes aquestes situacions i intimitats sense deixar de banda una perspectiva cr\u00edtica amb les q\u00fcestions pol\u00edtiques i socials d\\'actualitat.&lt;\/p&gt;\\n","image":"https:\/\/esclaustre.com\/wp-content\/uploads\/2024\/05\/Ses_Bisties_de_Mongofre.jpeg","url":"https:\/\/esclaustre.com\/en\/event\/ses-bisties-de-mongofre\/","eventAttendanceMode":"https:\/\/schema.org\/OfflineEventAttendanceMode","eventStatus":"https:\/\/schema.org\/EventScheduled","startDate":"2025-06-14T21:00:00+02:00","endDate":"2025-06-14T23:30:00+02:00","location":{"@type":"Place","name":"Es Claustre","description":"&lt;p&gt;\ufeff Es Claustre: espai cultural situat al centre de Ma\u00f3. Concerts, Terrassa Bar i servei de cuina.&lt;\/p&gt;\\n","url":"https:\/\/esclaustre.com\/en\/venue\/es-claustre\/","address":{"@type":"PostalAddress","streetAddress":"Pati del Claustre del Carme, 50","addressLocality":"Ma\u00f3","addressRegion":"illes balears","postalCode":"07701"},"geo":{"@type":"GeoCoordinates","latitude":39.888632,"longitude":4.266257},"telephone":"654961698","sameAs":"https:\/\/esclaustre.com\/"},"organizer":{"@type":"Person","name":"ES CLAUSTRE","description":"&lt;p&gt;Es Claustre Espai Cultural a Ma\u00f3. Un espai obert amb un programa cultural divers de festa compartida i cultura viva. &lt;\/p&gt;\\n","image":"https:\/\/esclaustre.com\/wp-content\/uploads\/2018\/12\/Terrassa.jpg","url":"https:\/\/esclaustre.com","telephone":"+ 34 654 961 698","email":"i&#110;&#102;o&#64;e&#115;c&#108;aus&#116;&#114;&#101;.&#99;&#111;&#109;","sameAs":"https:\/\/esclaustre.com"},"offers":{"@type":"Offer","price":"15","priceCurrency":"EUR\t\t\t\t\t\t\tclass=\t\t\t\t\t\t\tclass=\t\t\t\t\t\t\tclass=","url":"https:\/\/esclaustre.com\/en\/event\/ses-bisties-de-mongofre\/","category":"primary","availability":"inStock","validFrom":"1970-01-01T00:00:00+00:00"},"performer":"Organization"},"is_virtual":false,"virtual_url":null,"virtual_video_source":""}