{"id":31513,"global_id":"esclaustre.com\/en\/?id=31513","global_id_lineage":["esclaustre.com\/en\/?id=31513"],"author":"1","status":"publish","date":"2026-05-01 19:27:25","date_utc":"2026-05-01 17:27:25","modified":"2026-05-01 19:34:22","modified_utc":"2026-05-01 17:34:22","url":"https:\/\/esclaustre.com\/en\/event\/eva-fernandez\/","rest_url":"https:\/\/esclaustre.com\/en\/wp-json\/tribe\/events\/v1\/events\/31513","title":"Eva Fern\u00e1ndez","description":"<h2><strong>Eva Fern\u00e1ndez<\/strong><\/h2>\n<p>Saxophonist, singer, and composer <strong>Eva Fern\u00e1ndez<\/strong> invites us on a sonic journey through some of the pieces that have accompanied her over recent years, including brand-new songs from her upcoming album <i>\u201c<strong>\u00bfC\u00f3mo llamar a esto?\u201d<\/strong><\/i>, set to be released in the coming months. She is joined by Josep Munar on guitar and Enric Fuster on drums, with whom she has been sharing musical experiences for more than five years. Eva Fern\u00e1ndez offers an intimate, sincere concert full of nuance\u2014hallmark elements of her music.<\/p>\n<p>&nbsp;<\/p>\n<p><strong>Eva Fern\u00e1ndez<\/strong> sax and vocals \u00a0<strong>Josep Munar<\/strong> guitar<span class=\"Apple-converted-space\">\u00a0\u00a0<\/span><strong>Enric Fuster<\/strong> drums<span class=\"Apple-converted-space\">\u00a0<\/span><\/p>\n<p>&nbsp;<\/p>\n<figure id=\"attachment_31320\" aria-describedby=\"caption-attachment-31320\" style=\"width: 792px\" class=\"wp-caption aligncenter\"><img fetchpriority=\"high\" decoding=\"async\" class=\"size-full wp-image-31320\" src=\"https:\/\/esclaustre.com\/wp-content\/uploads\/2026\/04\/Jazz_EsClaustre23_2026.jpeg\" alt=\"Programa Jazz Es Claustre 23 I 2026\" width=\"792\" height=\"1000\" title=\"\" srcset=\"https:\/\/esclaustre.com\/wp-content\/uploads\/2026\/04\/Jazz_EsClaustre23_2026.jpeg 792w, https:\/\/esclaustre.com\/wp-content\/uploads\/2026\/04\/Jazz_EsClaustre23_2026-238x300.jpeg 238w, https:\/\/esclaustre.com\/wp-content\/uploads\/2026\/04\/Jazz_EsClaustre23_2026-768x970.jpeg 768w\" sizes=\"(max-width: 792px) 100vw, 792px\" \/><figcaption id=\"caption-attachment-31320\" class=\"wp-caption-text\">Programa Jazz <a href=\"http:\/\/www.esclaustre.com\">Es Claustre<\/a> 23 I 2026<\/figcaption><\/figure>","excerpt":"<p>Eva Fern\u00e1ndez ens proposa un viatge sonor per alguns dels temes que l\u2019acompanyen durant els darrers anys, entre els quals hi podrem trobar can\u00e7ons en prim\u00edcia del seu proper disc \u00ab\u00bfC\u00f3mo llamar a esto?\u00bb que es publicar\u00e0 els propers mesos, acompanyada per Josep Munar a la guitarra i Enric Fuster a la bateria, amb qui porta compartint experi\u00e8ncies musicals m\u00e9s de cinc anys. Eva Fern\u00e1ndez ofereix un concert \u00edntim, sincer i ple de matisos, elements identitaris de la seva m\u00fasica.<\/p>","slug":"eva-fernandez","image":{"url":"https:\/\/esclaustre.com\/wp-content\/uploads\/2026\/05\/eva-fernandez-.jpeg","id":31505,"extension":"jpeg","width":1000,"height":799,"filesize":142253,"sizes":{"medium":{"width":300,"height":240,"mime-type":"image\/jpeg","filesize":8460,"url":"https:\/\/esclaustre.com\/wp-content\/uploads\/2026\/05\/eva-fernandez--300x240.jpeg"},"thumbnail":{"width":150,"height":150,"mime-type":"image\/jpeg","filesize":4327,"url":"https:\/\/esclaustre.com\/wp-content\/uploads\/2026\/05\/eva-fernandez--150x150.jpeg"},"medium_large":{"width":768,"height":614,"mime-type":"image\/jpeg","filesize":42550,"url":"https:\/\/esclaustre.com\/wp-content\/uploads\/2026\/05\/eva-fernandez--768x614.jpeg"}}},"all_day":false,"start_date":"2026-08-23 21:00:00","start_date_details":{"year":"2026","month":"08","day":"23","hour":"21","minutes":"00","seconds":"00"},"end_date":"2026-08-23 23:30:00","end_date_details":{"year":"2026","month":"08","day":"23","hour":"23","minutes":"30","seconds":"00"},"utc_start_date":"2026-08-23 19:00:00","utc_start_date_details":{"year":"2026","month":"08","day":"23","hour":"19","minutes":"00","seconds":"00"},"utc_end_date":"2026-08-23 21:30:00","utc_end_date_details":{"year":"2026","month":"08","day":"23","hour":"21","minutes":"30","seconds":"00"},"timezone":"Europe\/Madrid","timezone_abbr":"CEST","cost":"15\u20ac","cost_details":{"currency_symbol":"\u20ac","currency_code":"\u20ac","currency_position":"suffix","values":["15"]},"website":"https:\/\/entradas.codetickets.com\/entradas\/eva-fernandez\/91702\/esclaustre\/online","show_map":true,"show_map_link":true,"hide_from_listings":false,"sticky":true,"featured":true,"categories":[{"name":"Agenda Menorca","slug":"agenda-menorca-en","term_group":0,"term_taxonomy_id":1423,"taxonomy":"tribe_events_cat","description":"","parent":0,"count":570,"filter":"raw","id":1423,"urls":{"self":"https:\/\/esclaustre.com\/en\/wp-json\/tribe\/events\/v1\/categories\/1423","collection":"https:\/\/esclaustre.com\/en\/wp-json\/tribe\/events\/v1\/categories"}},{"name":"Jazz","slug":"jazz-en","term_group":0,"term_taxonomy_id":768,"taxonomy":"tribe_events_cat","description":"","parent":0,"count":90,"filter":"raw","id":768,"urls":{"self":"https:\/\/esclaustre.com\/en\/wp-json\/tribe\/events\/v1\/categories\/768","collection":"https:\/\/esclaustre.com\/en\/wp-json\/tribe\/events\/v1\/categories"}}],"tags":[{"name":"Eva Fern\u00e1ndez","slug":"eva-fernandez-en","term_group":0,"term_taxonomy_id":1655,"taxonomy":"post_tag","description":"","parent":0,"count":4,"filter":"raw","id":1655,"urls":{"self":"https:\/\/esclaustre.com\/en\/wp-json\/tribe\/events\/v1\/tags\/1655","collection":"https:\/\/esclaustre.com\/en\/wp-json\/tribe\/events\/v1\/tags"}}],"venue":{"id":10072,"author":"1","status":"publish","date":"2017-06-10 10:10:47","date_utc":"2017-06-10 10:10:47","modified":"2024-02-17 13:07:33","modified_utc":"2024-02-17 13:07:33","url":"https:\/\/esclaustre.com\/en\/venue\/es-claustre\/","venue":"Es Claustre","description":"<p style=\"text-align: center;\"><iframe style=\"border: 0;\" tabindex=\"0\" src=\"https:\/\/www.google.com\/maps\/embed?pb=!1m18!1m12!1m3!1d3061.3595677516805!2d4.264105851719876!3d39.88858119541192!2m3!1f0!2f0!3f0!3m2!1i1024!2i768!4f13.1!3m3!1m2!1s0x12be2870019e5d63%3A0xae935b0eefb3f969!2sEs%20Claustre!5e0!3m2!1sca!2ses!4v1606817715298!5m2!1sca!2ses\" width=\"800\" height=\"650\" frameborder=\"0\" allowfullscreen=\"allowfullscreen\" aria-hidden=\"false\"><span data-mce-type=\"bookmark\" style=\"display: inline-block; width: 0px; overflow: hidden; line-height: 0;\" class=\"mce_SELRES_start\">\ufeff<\/span><\/iframe><\/p>\n<p style=\"text-align: center;\"><span style=\"color: #000000;\"><strong>Es Claustre<\/strong><\/span>: espai cultural situat al centre de Ma\u00f3. Concerts, Terrassa Bar i servei de cuina.<\/p>","slug":"es-claustre","address":"Pati del Claustre del Carme, 50","city":"Ma\u00f3","province":"illes balears","zip":"07701","phone":"654961698","website":"https:\/\/esclaustre.com\/","stateprovince":"illes balears","geo_lat":39.888632,"geo_lng":4.266257,"json_ld":{"@type":"Place","name":"Es Claustre","description":"&lt;p&gt;\ufeff Es Claustre: espai cultural situat al centre de Ma\u00f3. Concerts, Terrassa Bar i servei de cuina.&lt;\/p&gt;\\n","url":"https:\/\/esclaustre.com\/en\/venue\/es-claustre\/","address":{"@type":"PostalAddress","streetAddress":"Pati del Claustre del Carme, 50","addressLocality":"Ma\u00f3","addressRegion":"illes balears","postalCode":"07701"},"geo":{"@type":"GeoCoordinates","latitude":39.888632,"longitude":4.266257},"telephone":"654961698","sameAs":"https:\/\/esclaustre.com\/"},"show_map":true,"show_map_link":true,"global_id":"esclaustre.com\/en\/?id=10072","global_id_lineage":["esclaustre.com\/en\/?id=10072"]},"organizer":[{"id":24487,"author":"1","status":"publish","date":"2017-06-10 10:11:28","date_utc":"2017-06-10 08:11:28","modified":"2024-10-03 23:54:59","modified_utc":"2024-10-03 21:54:59","url":"https:\/\/esclaustre.com\/en\/organizer\/82\/","organizer":"ES CLAUSTRE","description":"<p><strong>Es Claustre<\/strong> Espai Cultural a Ma\u00f3. Un espai obert amb un programa cultural divers de festa compartida i cultura viva.<\/p>","excerpt":"<p>Es Claustre Espai Cultural a Ma\u00f3. Un espai obert amb un programa cultural divers de festa compartida i cultura viva. <\/p>","slug":"82","image":{"url":"https:\/\/esclaustre.com\/wp-content\/uploads\/2018\/12\/Terrassa.jpg","id":4633,"extension":"jpg","width":1000,"height":667,"filesize":106029,"sizes":{"woocommerce_thumbnail":{"width":300,"height":300,"mime-type":"image\/jpeg","filesize":18642,"uncropped":false,"url":"https:\/\/esclaustre.com\/wp-content\/uploads\/2018\/12\/Terrassa-300x300.jpg"},"woocommerce_gallery_thumbnail":{"width":100,"height":100,"mime-type":"image\/jpeg","filesize":3473,"url":"https:\/\/esclaustre.com\/wp-content\/uploads\/2018\/12\/Terrassa-100x100.jpg"},"woocommerce_single":{"width":600,"height":400,"mime-type":"image\/jpeg","filesize":44588,"url":"https:\/\/esclaustre.com\/wp-content\/uploads\/2018\/12\/Terrassa-600x400.jpg"},"thumbnail":{"width":150,"height":150,"mime-type":"image\/jpeg","url":"https:\/\/esclaustre.com\/wp-content\/uploads\/2018\/12\/Terrassa-150x150.jpg"},"medium":{"width":300,"height":200,"mime-type":"image\/jpeg","url":"https:\/\/esclaustre.com\/wp-content\/uploads\/2018\/12\/Terrassa-300x200.jpg"},"medium_large":{"width":768,"height":512,"mime-type":"image\/jpeg","url":"https:\/\/esclaustre.com\/wp-content\/uploads\/2018\/12\/Terrassa-768x512.jpg"},"thumb_event":{"width":480,"height":400,"mime-type":"image\/jpeg","url":"https:\/\/esclaustre.com\/wp-content\/uploads\/2018\/12\/Terrassa-480x400.jpg"},"et-pb-post-main-image":{"width":400,"height":250,"mime-type":"image\/jpeg","url":"https:\/\/esclaustre.com\/wp-content\/uploads\/2018\/12\/Terrassa-400x250.jpg"},"et-pb-portfolio-image":{"width":400,"height":284,"mime-type":"image\/jpeg","url":"https:\/\/esclaustre.com\/wp-content\/uploads\/2018\/12\/Terrassa-400x284.jpg"},"et-pb-portfolio-module-image":{"width":510,"height":382,"mime-type":"image\/jpeg","url":"https:\/\/esclaustre.com\/wp-content\/uploads\/2018\/12\/Terrassa-510x382.jpg"},"et-pb-gallery-module-image-portrait":{"width":400,"height":516,"mime-type":"image\/jpeg","url":"https:\/\/esclaustre.com\/wp-content\/uploads\/2018\/12\/Terrassa-400x516.jpg"}}},"phone":"+ 34 654 961 698","website":"https:\/\/esclaustre.com","email":"info@esclaustre.com","json_ld":{"@type":"Person","name":"ES CLAUSTRE","description":"&lt;p&gt;Es Claustre Espai Cultural a Ma\u00f3. Un espai obert amb un programa cultural divers de festa compartida i cultura viva. &lt;\/p&gt;\\n","image":"https:\/\/esclaustre.com\/wp-content\/uploads\/2018\/12\/Terrassa.jpg","url":"https:\/\/esclaustre.com","telephone":"+ 34 654 961 698","email":"&#105;n&#102;o&#64;e&#115;c&#108;au&#115;t&#114;e&#46;co&#109;","sameAs":"https:\/\/esclaustre.com"},"global_id":"esclaustre.com\/en\/?id=24487","global_id_lineage":["esclaustre.com\/en\/?id=24487"]}],"custom_fields":{"_ecp_custom_12":{"label":"Localitzaci\u00f3","value":"Es Claustre"},"_ecp_custom_13":{"label":"Preu","value":"15\u20ac"}},"json_ld":{"@context":"http:\/\/schema.org","@type":"Event","name":"Eva Fern\u00e1ndez","description":"&lt;p&gt;Eva Fern\u00e1ndez ens proposa un viatge sonor per alguns dels temes que l\u2019acompanyen durant els darrers anys, entre els quals hi podrem trobar can\u00e7ons en prim\u00edcia del seu proper disc \u00ab\u00bfC\u00f3mo llamar a esto?\u00bb que es publicar\u00e0 els propers mesos, acompanyada per Josep Munar a la guitarra i Enric Fuster a la bateria, amb qui porta compartint experi\u00e8ncies musicals m\u00e9s de cinc anys. Eva Fern\u00e1ndez ofereix un concert \u00edntim, sincer i ple de matisos, elements identitaris de la seva m\u00fasica.&lt;\/p&gt;\\n","image":"https:\/\/esclaustre.com\/wp-content\/uploads\/2026\/05\/eva-fernandez-.jpeg","url":"https:\/\/esclaustre.com\/en\/event\/eva-fernandez\/","eventAttendanceMode":"https:\/\/schema.org\/OfflineEventAttendanceMode","eventStatus":"https:\/\/schema.org\/EventScheduled","startDate":"2026-08-23T21:00:00+02:00","endDate":"2026-08-23T23:30:00+02:00","location":{"@type":"Place","name":"Es Claustre","description":"&lt;p&gt;\ufeff Es Claustre: espai cultural situat al centre de Ma\u00f3. Concerts, Terrassa Bar i servei de cuina.&lt;\/p&gt;\\n","url":"https:\/\/esclaustre.com\/en\/venue\/es-claustre\/","address":{"@type":"PostalAddress","streetAddress":"Pati del Claustre del Carme, 50","addressLocality":"Ma\u00f3","addressRegion":"illes balears","postalCode":"07701"},"geo":{"@type":"GeoCoordinates","latitude":39.888632,"longitude":4.266257},"telephone":"654961698","sameAs":"https:\/\/esclaustre.com\/"},"organizer":{"@type":"Person","name":"ES CLAUSTRE","description":"&lt;p&gt;Es Claustre Espai Cultural a Ma\u00f3. Un espai obert amb un programa cultural divers de festa compartida i cultura viva. &lt;\/p&gt;\\n","image":"https:\/\/esclaustre.com\/wp-content\/uploads\/2018\/12\/Terrassa.jpg","url":"https:\/\/esclaustre.com","telephone":"+ 34 654 961 698","email":"&#105;&#110;fo&#64;&#101;sclaust&#114;&#101;.&#99;o&#109;","sameAs":"https:\/\/esclaustre.com"},"offers":{"@type":"Offer","price":"15","priceCurrency":"\u20ac","url":"https:\/\/esclaustre.com\/en\/event\/eva-fernandez\/","category":"primary","availability":"inStock","validFrom":"1970-01-01T00:00:00+00:00"},"performer":"Organization"},"is_virtual":false,"virtual_url":null,"virtual_video_source":""}