{"id":32535,"global_id":"esclaustre.com\/en\/?id=32535","global_id_lineage":["esclaustre.com\/en\/?id=32535"],"author":"1","status":"publish","date":"2026-09-01 10:30:03","date_utc":"2026-09-01 08:30:03","modified":"2026-09-01 10:43:35","modified_utc":"2026-09-01 08:43:35","url":"https:\/\/esclaustre.com\/en\/event\/la-boca-erotica-sessio-oficial-2-concert\/","rest_url":"https:\/\/esclaustre.com\/en\/wp-json\/tribe\/events\/v1\/events\/32535","title":"La Boca Er\u00f3tica: Secci\u00f3 Oficial 2 + Concert Chico Oca\u00f1a","description":"<h2><strong>\u00abLa Boca Er\u00f3tica\u00bb IX Festival Internacional de Cinema de Tem\u00e0tica Sexual<\/strong><\/h2>\n<p>Tres dies de projeccions i activitats al voltant de la tem\u00e0tica er\u00f2tica en un festival que tindr\u00e0 3 dies seguits d&#8217;activitat <a href=\"https:\/\/esclaustre.com\/en\/\">Es Claustre<\/a>.<\/p>\n<p>Divendres 25: <strong><span class=\"\">Sessi\u00f3 Oficial 2<\/span><\/strong><\/p>\n<p>Sel\u00b7lecci\u00f3 Oficial de curtmetratges internacionals amb la col\u00b7laboraci\u00f3 del <a href=\"https:\/\/www.mecalbcn.org\/\" target=\"_blank\" rel=\"noopener\">MECAL<\/a> short Film Festival de Barcelona i el <a href=\"https:\/\/giff.mx\/\" target=\"_blank\" rel=\"noopener\">Guanajuato Film Festival<\/a> de M\u00e9xico.<\/p>\n<p><b class=\"\"><span class=\"\">Presenta: <\/span><\/b><span class=\"\">Javier Mu\u00f1iz<\/span><\/p>\n<p style=\"font-weight: 400;\"><strong>Performance:<\/strong> Companyia <strong>La Perrerie<\/strong><\/p>\n<p class=\"wp-block-paragraph\"><strong>La Perrerie <\/strong>\u00e9s una companyia de teatre experimental feminista amb base a Menorca. Fundada per <strong>\u00c1ngela Tortajada<\/strong>, <strong>La Perrerie<\/strong> \u00e9s tamb\u00e9 un laboratori esc\u00e8nic que busca expandir els l\u00edmits de la contemporane\u00eftat, jugant amb f\u00f3rmules dissidents a les convencionals i deixant projectes oberts per tancar-los en temps real amb els cossos davant del p\u00fablic. Les seves obres de creaci\u00f3 pr\u00f2pia tenen una tend\u00e8ncia a l\u2019autoficci\u00f3 i a les noves dramat\u00fargies, integrant el treball del cos i la fisicalitat. Les seves propostes sorgeixen del desig de connectar de manera profunda i personal amb el p\u00fablic, fet que tamb\u00e9 pot acostar el seu treball a la performance.<\/p>\n<p style=\"font-weight: 400;\"><strong>Concert Clausura: Chico Oca\u00f1a<\/strong><\/p>\n<p style=\"font-weight: 400;\"><strong>Chicco Oca\u00f1a<\/strong>, veu<\/p>\n<p style=\"font-weight: 400;\"><strong>Cristian \u201cEl Chupete<\/strong>, guitarra<\/p>\n<p style=\"font-weight: 400;\">Chicco Oca\u00f1a, creador del \u201cFlamenco Biily\u201d.\u00a0 Fundador, vocalista y compositor de todas las letras canallas de <strong>M\u00e1rtires del Comp\u00e1s<\/strong>. Actualmente cantante en solitario y siempre poeta. En 2024 publica su libro \u201cLetras pa da el cante\u201d con la editorial Fuego Fatuo y publicar\u00e1 en breve su segundo libro. Viene acompa\u00f1ado a la guitarra por Cristian \u201cEl Chupete\u201d de origen Dan\u00e9s y residente en Jerez desde hace 15 a\u00f1os.<\/p>\n<p>&nbsp;<\/p>\n<p>&nbsp;<\/p>","excerpt":"<p>La Boca Er\u00f3tica: 23, 24 i 25 de setembre Es Claustre. Sessi\u00f3 Oficial 2 + Concert Chico Oca\u00f1a.<\/p>","slug":"la-boca-erotica-sessio-oficial-2-concert","image":{"url":"https:\/\/esclaustre.com\/wp-content\/uploads\/2026\/09\/La-Boca-Erotica-cartela-X.jpeg","id":32511,"extension":"jpeg","width":1000,"height":563,"filesize":215203,"sizes":{"medium":{"width":300,"height":169,"mime-type":"image\/jpeg","filesize":19051,"url":"https:\/\/esclaustre.com\/wp-content\/uploads\/2026\/09\/La-Boca-Erotica-cartela-X-300x169.jpeg"},"thumbnail":{"width":150,"height":150,"mime-type":"image\/jpeg","filesize":10052,"url":"https:\/\/esclaustre.com\/wp-content\/uploads\/2026\/09\/La-Boca-Erotica-cartela-X-150x150.jpeg"},"medium_large":{"width":768,"height":432,"mime-type":"image\/jpeg","filesize":73641,"url":"https:\/\/esclaustre.com\/wp-content\/uploads\/2026\/09\/La-Boca-Erotica-cartela-X-768x432.jpeg"}}},"all_day":false,"start_date":"2026-09-25 20:00:00","start_date_details":{"year":"2026","month":"09","day":"25","hour":"20","minutes":"00","seconds":"00"},"end_date":"2026-09-25 23:30:00","end_date_details":{"year":"2026","month":"09","day":"25","hour":"23","minutes":"30","seconds":"00"},"utc_start_date":"2026-09-25 18:00:00","utc_start_date_details":{"year":"2026","month":"09","day":"25","hour":"18","minutes":"00","seconds":"00"},"utc_end_date":"2026-09-25 21:30:00","utc_end_date_details":{"year":"2026","month":"09","day":"25","hour":"21","minutes":"30","seconds":"00"},"timezone":"Europe\/Madrid","timezone_abbr":"CEST","cost":"\u20ac18","cost_details":{"currency_symbol":"\u20ac","currency_code":"\u20ac","currency_position":"prefix","values":["18"]},"website":"https:\/\/entradas.codetickets.com\/entradas\/la-boca-erotica-dia-25\/99732\/esclaustre\/online","show_map":true,"show_map_link":true,"hide_from_listings":false,"sticky":true,"featured":true,"categories":[{"name":"Agenda Menorca","slug":"agenda-menorca-en","term_group":0,"term_taxonomy_id":1423,"taxonomy":"tribe_events_cat","description":"","parent":0,"count":604,"filter":"raw","id":1423,"urls":{"self":"https:\/\/esclaustre.com\/en\/wp-json\/tribe\/events\/v1\/categories\/1423","collection":"https:\/\/esclaustre.com\/en\/wp-json\/tribe\/events\/v1\/categories"}},{"name":"Altres esdeveniments","slug":"altres-esdeveniments-en","term_group":0,"term_taxonomy_id":4150,"taxonomy":"tribe_events_cat","description":"","parent":0,"count":110,"filter":"raw","id":4150,"urls":{"self":"https:\/\/esclaustre.com\/en\/wp-json\/tribe\/events\/v1\/categories\/4150","collection":"https:\/\/esclaustre.com\/en\/wp-json\/tribe\/events\/v1\/categories"}}],"tags":[{"name":"Chico Oca\u00f1a","slug":"chico-ocana","term_group":0,"term_taxonomy_id":4794,"taxonomy":"post_tag","description":"","parent":0,"count":1,"filter":"raw","id":4794,"urls":{"self":"https:\/\/esclaustre.com\/en\/wp-json\/tribe\/events\/v1\/tags\/4794","collection":"https:\/\/esclaustre.com\/en\/wp-json\/tribe\/events\/v1\/tags"}},{"name":"La Boca Er\u00f3tica","slug":"la-boca-erotica","term_group":0,"term_taxonomy_id":4788,"taxonomy":"post_tag","description":"","parent":0,"count":3,"filter":"raw","id":4788,"urls":{"self":"https:\/\/esclaustre.com\/en\/wp-json\/tribe\/events\/v1\/tags\/4788","collection":"https:\/\/esclaustre.com\/en\/wp-json\/tribe\/events\/v1\/tags"}}],"venue":{"id":10072,"author":"1","status":"publish","date":"2017-06-10 10:10:47","date_utc":"2017-06-10 10:10:47","modified":"2024-02-17 13:07:33","modified_utc":"2024-02-17 13:07:33","url":"https:\/\/esclaustre.com\/en\/venue\/es-claustre\/","venue":"Es Claustre","description":"<p style=\"text-align: center;\"><iframe style=\"border: 0;\" tabindex=\"0\" src=\"https:\/\/www.google.com\/maps\/embed?pb=!1m18!1m12!1m3!1d3061.3595677516805!2d4.264105851719876!3d39.88858119541192!2m3!1f0!2f0!3f0!3m2!1i1024!2i768!4f13.1!3m3!1m2!1s0x12be2870019e5d63%3A0xae935b0eefb3f969!2sEs%20Claustre!5e0!3m2!1sca!2ses!4v1606817715298!5m2!1sca!2ses\" width=\"800\" height=\"650\" frameborder=\"0\" allowfullscreen=\"allowfullscreen\" aria-hidden=\"false\"><span data-mce-type=\"bookmark\" style=\"display: inline-block; width: 0px; overflow: hidden; line-height: 0;\" class=\"mce_SELRES_start\">\ufeff<\/span><\/iframe><\/p>\n<p style=\"text-align: center;\"><span style=\"color: #000000;\"><strong>Es Claustre<\/strong><\/span>: espai cultural situat al centre de Ma\u00f3. Concerts, Terrassa Bar i servei de cuina.<\/p>","slug":"es-claustre","address":"Pati del Claustre del Carme, 50","city":"Ma\u00f3","province":"illes balears","zip":"07701","phone":"654961698","website":"https:\/\/esclaustre.com\/","stateprovince":"illes balears","geo_lat":39.888632,"geo_lng":4.266257,"json_ld":{"@type":"Place","name":"Es Claustre","description":"&lt;p&gt;\ufeff Es Claustre: espai cultural situat al centre de Ma\u00f3. Concerts, Terrassa Bar i servei de cuina.&lt;\/p&gt;\\n","url":"https:\/\/esclaustre.com\/en\/venue\/es-claustre\/","address":{"@type":"PostalAddress","streetAddress":"Pati del Claustre del Carme, 50","addressLocality":"Ma\u00f3","addressRegion":"illes balears","postalCode":"07701"},"geo":{"@type":"GeoCoordinates","latitude":39.888632,"longitude":4.266257},"telephone":"654961698","sameAs":"https:\/\/esclaustre.com\/"},"show_map":true,"show_map_link":true,"global_id":"esclaustre.com\/en\/?id=10072","global_id_lineage":["esclaustre.com\/en\/?id=10072"]},"organizer":[{"id":24487,"author":"1","status":"publish","date":"2017-06-10 10:11:28","date_utc":"2017-06-10 08:11:28","modified":"2024-10-03 23:54:59","modified_utc":"2024-10-03 21:54:59","url":"https:\/\/esclaustre.com\/en\/organizer\/82\/","organizer":"ES CLAUSTRE","description":"<p><strong>Es Claustre<\/strong> Espai Cultural a Ma\u00f3. Un espai obert amb un programa cultural divers de festa compartida i cultura viva.<\/p>","excerpt":"<p>Es Claustre Espai Cultural a Ma\u00f3. Un espai obert amb un programa cultural divers de festa compartida i cultura viva. <\/p>","slug":"82","image":{"url":"https:\/\/esclaustre.com\/wp-content\/uploads\/2018\/12\/Terrassa.jpg","id":4633,"extension":"jpg","width":1000,"height":667,"filesize":106029,"sizes":{"woocommerce_thumbnail":{"width":300,"height":300,"mime-type":"image\/jpeg","filesize":18642,"uncropped":false,"url":"https:\/\/esclaustre.com\/wp-content\/uploads\/2018\/12\/Terrassa-300x300.jpg"},"woocommerce_gallery_thumbnail":{"width":100,"height":100,"mime-type":"image\/jpeg","filesize":3473,"url":"https:\/\/esclaustre.com\/wp-content\/uploads\/2018\/12\/Terrassa-100x100.jpg"},"woocommerce_single":{"width":600,"height":400,"mime-type":"image\/jpeg","filesize":44588,"url":"https:\/\/esclaustre.com\/wp-content\/uploads\/2018\/12\/Terrassa-600x400.jpg"},"thumbnail":{"width":150,"height":150,"mime-type":"image\/jpeg","url":"https:\/\/esclaustre.com\/wp-content\/uploads\/2018\/12\/Terrassa-150x150.jpg"},"medium":{"width":300,"height":200,"mime-type":"image\/jpeg","url":"https:\/\/esclaustre.com\/wp-content\/uploads\/2018\/12\/Terrassa-300x200.jpg"},"medium_large":{"width":768,"height":512,"mime-type":"image\/jpeg","url":"https:\/\/esclaustre.com\/wp-content\/uploads\/2018\/12\/Terrassa-768x512.jpg"},"thumb_event":{"width":480,"height":400,"mime-type":"image\/jpeg","url":"https:\/\/esclaustre.com\/wp-content\/uploads\/2018\/12\/Terrassa-480x400.jpg"},"et-pb-post-main-image":{"width":400,"height":250,"mime-type":"image\/jpeg","url":"https:\/\/esclaustre.com\/wp-content\/uploads\/2018\/12\/Terrassa-400x250.jpg"},"et-pb-portfolio-image":{"width":400,"height":284,"mime-type":"image\/jpeg","url":"https:\/\/esclaustre.com\/wp-content\/uploads\/2018\/12\/Terrassa-400x284.jpg"},"et-pb-portfolio-module-image":{"width":510,"height":382,"mime-type":"image\/jpeg","url":"https:\/\/esclaustre.com\/wp-content\/uploads\/2018\/12\/Terrassa-510x382.jpg"},"et-pb-gallery-module-image-portrait":{"width":400,"height":516,"mime-type":"image\/jpeg","url":"https:\/\/esclaustre.com\/wp-content\/uploads\/2018\/12\/Terrassa-400x516.jpg"}}},"phone":"+ 34 654 961 698","website":"https:\/\/esclaustre.com","email":"info@esclaustre.com","json_ld":{"@type":"Person","name":"ES CLAUSTRE","description":"&lt;p&gt;Es Claustre Espai Cultural a Ma\u00f3. Un espai obert amb un programa cultural divers de festa compartida i cultura viva. &lt;\/p&gt;\\n","image":"https:\/\/esclaustre.com\/wp-content\/uploads\/2018\/12\/Terrassa.jpg","url":"https:\/\/esclaustre.com","telephone":"+ 34 654 961 698","email":"i&#110;&#102;&#111;&#64;&#101;s&#99;&#108;a&#117;stre&#46;c&#111;m","sameAs":"https:\/\/esclaustre.com"},"global_id":"esclaustre.com\/en\/?id=24487","global_id_lineage":["esclaustre.com\/en\/?id=24487"]}],"custom_fields":{"_ecp_custom_12":{"label":"Localitzaci\u00f3","value":"Es Claustre"},"_ecp_custom_13":{"label":"Preu","value":"18"}},"json_ld":{"@context":"http:\/\/schema.org","@type":"Event","name":"La Boca Er\u00f3tica: Secci\u00f3 Oficial 2 + Concert Chico Oca\u00f1a","description":"&lt;p&gt;La Boca Er\u00f3tica: 23, 24 i 25 de setembre Es Claustre. Sessi\u00f3 Oficial 2 + Concert Chico Oca\u00f1a.&lt;\/p&gt;\\n","image":"https:\/\/esclaustre.com\/wp-content\/uploads\/2026\/09\/La-Boca-Erotica-cartela-X.jpeg","url":"https:\/\/esclaustre.com\/en\/event\/la-boca-erotica-sessio-oficial-2-concert\/","eventAttendanceMode":"https:\/\/schema.org\/OfflineEventAttendanceMode","eventStatus":"https:\/\/schema.org\/EventScheduled","startDate":"2026-09-25T20:00:00+02:00","endDate":"2026-09-25T23:30:00+02:00","location":{"@type":"Place","name":"Es Claustre","description":"&lt;p&gt;\ufeff Es Claustre: espai cultural situat al centre de Ma\u00f3. Concerts, Terrassa Bar i servei de cuina.&lt;\/p&gt;\\n","url":"https:\/\/esclaustre.com\/en\/venue\/es-claustre\/","address":{"@type":"PostalAddress","streetAddress":"Pati del Claustre del Carme, 50","addressLocality":"Ma\u00f3","addressRegion":"illes balears","postalCode":"07701"},"geo":{"@type":"GeoCoordinates","latitude":39.888632,"longitude":4.266257},"telephone":"654961698","sameAs":"https:\/\/esclaustre.com\/"},"organizer":{"@type":"Person","name":"ES CLAUSTRE","description":"&lt;p&gt;Es Claustre Espai Cultural a Ma\u00f3. Un espai obert amb un programa cultural divers de festa compartida i cultura viva. &lt;\/p&gt;\\n","image":"https:\/\/esclaustre.com\/wp-content\/uploads\/2018\/12\/Terrassa.jpg","url":"https:\/\/esclaustre.com","telephone":"+ 34 654 961 698","email":"in&#102;o&#64;&#101;s&#99;lau&#115;&#116;re.&#99;o&#109;","sameAs":"https:\/\/esclaustre.com"},"offers":{"@type":"Offer","price":"18","priceCurrency":"\u20ac","url":"https:\/\/esclaustre.com\/en\/event\/la-boca-erotica-sessio-oficial-2-concert\/","category":"primary","availability":"inStock","validFrom":"1970-01-01T00:00:00+00:00"},"performer":"Organization"},"is_virtual":false,"virtual_url":null,"virtual_video_source":""}