{"id":5167,"global_id":"esclaustre.com\/en\/?id=5167","global_id_lineage":["esclaustre.com\/en\/?id=5167"],"author":"1","status":"publish","date":"2019-05-20 19:04:20","date_utc":"2019-05-20 19:04:20","modified":"2019-05-20 19:23:58","modified_utc":"2019-05-20 19:23:58","url":"https:\/\/esclaustre.com\/en\/event\/entre-orillas\/","rest_url":"https:\/\/esclaustre.com\/en\/wp-json\/tribe\/events\/v1\/events\/5167","title":"Entre Orillas","description":"<p>[ bb_built=&#8221;1&#8243; fullwidth=&#8221;off&#8221; specialty=&#8221;on&#8221;][et_pb_column type=&#8221;3_4&#8243; specialty_columns=&#8221;3&#8243;][et_pb_row_inner admin_label=&#8221;Row&#8221; _builder_version=&#8221;3.0.51&#8243; background_position_1=&#8221;top_left&#8221; background_repeat_1=&#8221;no-repeat&#8221; module_class=&#8221;tribe-events-content__img&#8221;][et_pb_column_inner type=&#8221;4_4&#8243; saved_specialty_column_type=&#8221;3_4&#8243;][et_pb_image _builder_version=&#8221;3.0.64&#8243; show_in_lightbox=&#8221;off&#8221; url_new_window=&#8221;off&#8221; use_overlay=&#8221;off&#8221; sticky=&#8221;off&#8221; align=&#8221;left&#8221; always_center_on_mobile=&#8221;on&#8221; border_style=&#8221;solid&#8221; force_fullwidth=&#8221;off&#8221; src=&#8221;https:\/\/esclaustre.com\/wp-content\/uploads\/2019\/05\/Entre-Orillas.jpg&#8221; \/][\/et_pb_column_inner][\/et_pb_row_inner][et_pb_row_inner admin_label=&#8221;Row&#8221; _builder_version=&#8221;3.0.51&#8243; background_position_1=&#8221;top_left&#8221; background_repeat_1=&#8221;no-repeat&#8221; module_class=&#8221;tribe-events-content__content&#8221;][et_pb_column_inner type=&#8221;4_4&#8243; saved_specialty_column_type=&#8221;3_4&#8243;][et_pb_code _builder_version=&#8221;3.0.51&#8243;][socialpug_share][\/et_pb_code][et_pb_text _builder_version=&#8221;3.0.64&#8243; background_layout=&#8221;light&#8221; text_orientation=&#8221;left&#8221; border_style=&#8221;solid&#8221;]<\/p>\n<h1>\u00abEntre Orillas\u00bb on s&#8217;abracen flamenco, afrocuba i guajiro<\/h1>\n<p><strong>Entre Orillas<\/strong> es un sue\u00f1o compartido. Un proyecto inspirado en el intercambio musical entre Cuba y Espa\u00f1a en el que el quej\u00edo flamenco, lo afrocubano y lo guajiro se abrazan y la tradici\u00f3n e innovaci\u00f3n van de la mano.<\/p>\n<p>Por un lado se refleja la influencia de g\u00e9neros cubanos en el flamenco y viceversa y por el otro, Entre orillas abre nuevos caminos para dar un paso m\u00e1s en este apasionante viaje de idas y vueltas. Un espect\u00e1culo que sabe a mar, huele a cuero y madera y suena a coraz\u00f3n.<\/p>\n<p>Una idea de la cantaora Cristina L\u00f3pez y del percusionista Carlos Cuenca acompa\u00f1ados de la cantante Yadira Ferrer, Marc L\u00f3pez a la guitarra, el flautista Juanma G\u00f3mez, Pablo G\u00f3mez a la percusi\u00f3n y con la colaboraci\u00f3n de amigos y artistas de Cuba y Espa\u00f1a.<\/p>\n<p>&nbsp;<\/p>\n<p><a href=\"http:\/\/entreorillasmusic.com\" target=\"_blank\" rel=\"noopener\">www.entreorillasmusic.com<\/a><\/p>\n<p>[\/et_pb_text][\/et_pb_column_inner][\/et_pb_row_inner][\/et_pb_column][et_pb_column type=&#8221;1_4&#8243;][et_pb_customEventMetaFields admin_label=&#8221;EsClaustre Camps Event&#8221; _builder_version=&#8221;3.0.51&#8243; location=&#8221;on&#8221; schedule=&#8221;on&#8221; price=&#8221;on&#8221; module_class=&#8221;appendTo_tribe-events-infoBlocks_landscape&#8221; \/][et_pb_button _builder_version=&#8221;3.0.64&#8243; button_text=&#8221;Comprar&#8221; url_new_window=&#8221;on&#8221; button_alignment=&#8221;left&#8221; background_layout=&#8221;light&#8221; custom_button=&#8221;off&#8221; button_letter_spacing=&#8221;0&#8243; button_icon_placement=&#8221;right&#8221; button_letter_spacing_hover=&#8221;0&#8243; module_class=&#8221;btn-ticket appendTo_tribe-events-infoBlocks_landscape&#8221; button_url=&#8221;https:\/\/entradas.codetickets.com\/entradas\/entre-orillas\/7212\/esclaustre\/online&#8221; disabled=&#8221;off&#8221; \/][et_pb_customEventCategories _builder_version=&#8221;3.0.51&#8243; \/][et_pb_customEventTags _builder_version=&#8221;3.0.51&#8243; \/][\/et_pb_column][\/][ bb_built=&#8221;1&#8243; fullwidth=&#8221;off&#8221; specialty=&#8221;on&#8221; disabled=&#8221;on&#8221;][\/][ bb_built=&#8221;1&#8243; fullwidth=&#8221;off&#8221; specialty=&#8221;on&#8221; disabled=&#8221;on&#8221;][\/]<\/p>","excerpt":"<p>Entre Orillas es un proyecto musical basado en la comunicaci\u00f3n entre el flamenco y la m\u00fasica cubana. Un nuevo viaje de ida y vuelta.<\/p>","slug":"entre-orillas","image":{"url":"https:\/\/esclaustre.com\/wp-content\/uploads\/2019\/05\/Entre-Orillas.jpg","id":5165,"extension":"jpg","width":1000,"height":714,"filesize":150058,"sizes":{"woocommerce_thumbnail":{"width":300,"height":300,"mime-type":"image\/jpeg","filesize":25041,"uncropped":false,"url":"https:\/\/esclaustre.com\/wp-content\/uploads\/2019\/05\/Entre-Orillas-300x300.jpg"},"woocommerce_gallery_thumbnail":{"width":100,"height":100,"mime-type":"image\/jpeg","filesize":4283,"url":"https:\/\/esclaustre.com\/wp-content\/uploads\/2019\/05\/Entre-Orillas-100x100.jpg"},"woocommerce_single":{"width":600,"height":428,"mime-type":"image\/jpeg","filesize":64464,"url":"https:\/\/esclaustre.com\/wp-content\/uploads\/2019\/05\/Entre-Orillas-600x428.jpg"},"thumbnail":{"width":150,"height":150,"mime-type":"image\/jpeg","url":"https:\/\/esclaustre.com\/wp-content\/uploads\/2019\/05\/Entre-Orillas-150x150.jpg"},"medium":{"width":300,"height":214,"mime-type":"image\/jpeg","url":"https:\/\/esclaustre.com\/wp-content\/uploads\/2019\/05\/Entre-Orillas-300x214.jpg"},"medium_large":{"width":768,"height":548,"mime-type":"image\/jpeg","url":"https:\/\/esclaustre.com\/wp-content\/uploads\/2019\/05\/Entre-Orillas-768x548.jpg"},"home_slide":{"width":1000,"height":700,"mime-type":"image\/jpeg","url":"https:\/\/esclaustre.com\/wp-content\/uploads\/2019\/05\/Entre-Orillas-1000x700.jpg"},"thumb_event":{"width":480,"height":400,"mime-type":"image\/jpeg","url":"https:\/\/esclaustre.com\/wp-content\/uploads\/2019\/05\/Entre-Orillas-480x400.jpg"},"et-pb-post-main-image":{"width":400,"height":250,"mime-type":"image\/jpeg","url":"https:\/\/esclaustre.com\/wp-content\/uploads\/2019\/05\/Entre-Orillas-400x250.jpg"},"et-pb-post-main-image-fullwidth":{"width":1000,"height":675,"mime-type":"image\/jpeg","url":"https:\/\/esclaustre.com\/wp-content\/uploads\/2019\/05\/Entre-Orillas-1000x675.jpg"},"et-pb-portfolio-image":{"width":400,"height":284,"mime-type":"image\/jpeg","url":"https:\/\/esclaustre.com\/wp-content\/uploads\/2019\/05\/Entre-Orillas-400x284.jpg"},"et-pb-portfolio-module-image":{"width":510,"height":382,"mime-type":"image\/jpeg","url":"https:\/\/esclaustre.com\/wp-content\/uploads\/2019\/05\/Entre-Orillas-510x382.jpg"},"et-pb-gallery-module-image-portrait":{"width":400,"height":516,"mime-type":"image\/jpeg","url":"https:\/\/esclaustre.com\/wp-content\/uploads\/2019\/05\/Entre-Orillas-400x516.jpg"}}},"all_day":false,"start_date":"2019-07-05 22:00:00","start_date_details":{"year":"2019","month":"07","day":"05","hour":"22","minutes":"00","seconds":"00"},"end_date":"2019-07-05 23:55:00","end_date_details":{"year":"2019","month":"07","day":"05","hour":"23","minutes":"55","seconds":"00"},"utc_start_date":"2019-07-05 22:00:00","utc_start_date_details":{"year":"2019","month":"07","day":"05","hour":"22","minutes":"00","seconds":"00"},"utc_end_date":"2019-07-05 23:55:00","utc_end_date_details":{"year":"2019","month":"07","day":"05","hour":"23","minutes":"55","seconds":"00"},"timezone":"UTC+3.5","timezone_abbr":"UTC+3.5","cost":"","cost_details":{"currency_symbol":"","currency_code":"","currency_position":"prefix","values":[]},"website":"","show_map":true,"show_map_link":true,"hide_from_listings":false,"sticky":true,"featured":false,"categories":[{"name":"Ma\u00f3 M\u00e9s Flors","slug":"mao-mes-flors-en","term_group":0,"term_taxonomy_id":918,"taxonomy":"tribe_events_cat","description":"","parent":0,"count":3,"filter":"raw","id":918,"urls":{"self":"https:\/\/esclaustre.com\/en\/wp-json\/tribe\/events\/v1\/categories\/918","collection":"https:\/\/esclaustre.com\/en\/wp-json\/tribe\/events\/v1\/categories"}},{"name":"M\u00fasica","slug":"musica-en","term_group":0,"term_taxonomy_id":107,"taxonomy":"tribe_events_cat","description":"","parent":0,"count":560,"filter":"raw","id":107,"urls":{"self":"https:\/\/esclaustre.com\/en\/wp-json\/tribe\/events\/v1\/categories\/107","collection":"https:\/\/esclaustre.com\/en\/wp-json\/tribe\/events\/v1\/categories"}}],"tags":[{"name":"afrocub\u00e0","slug":"afrocuba-en","term_group":0,"term_taxonomy_id":996,"taxonomy":"post_tag","description":"","parent":0,"count":1,"filter":"raw","id":996,"urls":{"self":"https:\/\/esclaustre.com\/en\/wp-json\/tribe\/events\/v1\/tags\/996","collection":"https:\/\/esclaustre.com\/en\/wp-json\/tribe\/events\/v1\/tags"}},{"name":"Cuba","slug":"cuba-en","term_group":0,"term_taxonomy_id":962,"taxonomy":"post_tag","description":"","parent":0,"count":6,"filter":"raw","id":962,"urls":{"self":"https:\/\/esclaustre.com\/en\/wp-json\/tribe\/events\/v1\/tags\/962","collection":"https:\/\/esclaustre.com\/en\/wp-json\/tribe\/events\/v1\/tags"}},{"name":"Flamenco","slug":"flamenco-en","term_group":0,"term_taxonomy_id":140,"taxonomy":"post_tag","description":"","parent":0,"count":24,"filter":"raw","id":140,"urls":{"self":"https:\/\/esclaustre.com\/en\/wp-json\/tribe\/events\/v1\/tags\/140","collection":"https:\/\/esclaustre.com\/en\/wp-json\/tribe\/events\/v1\/tags"}},{"name":"Guajiro","slug":"guajiro-en","term_group":0,"term_taxonomy_id":997,"taxonomy":"post_tag","description":"","parent":0,"count":1,"filter":"raw","id":997,"urls":{"self":"https:\/\/esclaustre.com\/en\/wp-json\/tribe\/events\/v1\/tags\/997","collection":"https:\/\/esclaustre.com\/en\/wp-json\/tribe\/events\/v1\/tags"}},{"name":"m\u00fasica cubana","slug":"musica-cubana-en","term_group":0,"term_taxonomy_id":998,"taxonomy":"post_tag","description":"","parent":0,"count":1,"filter":"raw","id":998,"urls":{"self":"https:\/\/esclaustre.com\/en\/wp-json\/tribe\/events\/v1\/tags\/998","collection":"https:\/\/esclaustre.com\/en\/wp-json\/tribe\/events\/v1\/tags"}}],"venue":{"id":10072,"author":"1","status":"publish","date":"2017-06-10 10:10:47","date_utc":"2017-06-10 10:10:47","modified":"2024-02-17 13:07:33","modified_utc":"2024-02-17 13:07:33","url":"https:\/\/esclaustre.com\/en\/venue\/es-claustre\/","venue":"Es Claustre","description":"<p style=\"text-align: center;\"><iframe style=\"border: 0;\" tabindex=\"0\" src=\"https:\/\/www.google.com\/maps\/embed?pb=!1m18!1m12!1m3!1d3061.3595677516805!2d4.264105851719876!3d39.88858119541192!2m3!1f0!2f0!3f0!3m2!1i1024!2i768!4f13.1!3m3!1m2!1s0x12be2870019e5d63%3A0xae935b0eefb3f969!2sEs%20Claustre!5e0!3m2!1sca!2ses!4v1606817715298!5m2!1sca!2ses\" width=\"800\" height=\"650\" frameborder=\"0\" allowfullscreen=\"allowfullscreen\" aria-hidden=\"false\"><span data-mce-type=\"bookmark\" style=\"display: inline-block; width: 0px; overflow: hidden; line-height: 0;\" class=\"mce_SELRES_start\">\ufeff<\/span><\/iframe><\/p>\n<p style=\"text-align: center;\"><span style=\"color: #000000;\"><strong>Es Claustre<\/strong><\/span>: espai cultural situat al centre de Ma\u00f3. Concerts, Terrassa Bar i servei de cuina.<\/p>","slug":"es-claustre","address":"Pati del Claustre del Carme, 50","city":"Ma\u00f3","province":"illes balears","zip":"07701","phone":"654961698","website":"https:\/\/esclaustre.com\/","stateprovince":"illes balears","geo_lat":39.888632,"geo_lng":4.266257,"json_ld":{"@type":"Place","name":"Es Claustre","description":"&lt;p&gt;\ufeff Es Claustre: espai cultural situat al centre de Ma\u00f3. Concerts, Terrassa Bar i servei de cuina.&lt;\/p&gt;\\n","url":"https:\/\/esclaustre.com\/en\/venue\/es-claustre\/","address":{"@type":"PostalAddress","streetAddress":"Pati del Claustre del Carme, 50","addressLocality":"Ma\u00f3","addressRegion":"illes balears","postalCode":"07701"},"geo":{"@type":"GeoCoordinates","latitude":39.888632,"longitude":4.266257},"telephone":"654961698","sameAs":"https:\/\/esclaustre.com\/"},"show_map":true,"show_map_link":true,"global_id":"esclaustre.com\/en\/?id=10072","global_id_lineage":["esclaustre.com\/en\/?id=10072"]},"organizer":[],"custom_fields":{"_ecp_custom_12":{"label":"Localitzaci\u00f3","value":"Es Claustre"},"_ecp_custom_13":{"label":"Preu","value":"5\u20ac - 8\u20ac"}},"json_ld":{"@context":"http:\/\/schema.org","@type":"Event","name":"Entre Orillas","description":"&lt;p&gt;Entre Orillas es un proyecto musical basado en la comunicaci\u00f3n entre el flamenco y la m\u00fasica cubana. Un nuevo viaje de ida y vuelta.&lt;\/p&gt;\\n","image":"https:\/\/esclaustre.com\/wp-content\/uploads\/2019\/05\/Entre-Orillas.jpg","url":"https:\/\/esclaustre.com\/en\/event\/entre-orillas\/","eventAttendanceMode":"https:\/\/schema.org\/OfflineEventAttendanceMode","eventStatus":"https:\/\/schema.org\/EventScheduled","startDate":"2019-07-05T22:00:00+03:30","endDate":"2019-07-05T23:55:00+03:30","location":{"@type":"Place","name":"Es Claustre","description":"&lt;p&gt;\ufeff Es Claustre: espai cultural situat al centre de Ma\u00f3. Concerts, Terrassa Bar i servei de cuina.&lt;\/p&gt;\\n","url":"https:\/\/esclaustre.com\/en\/venue\/es-claustre\/","address":{"@type":"PostalAddress","streetAddress":"Pati del Claustre del Carme, 50","addressLocality":"Ma\u00f3","addressRegion":"illes balears","postalCode":"07701"},"geo":{"@type":"GeoCoordinates","latitude":39.888632,"longitude":4.266257},"telephone":"654961698","sameAs":"https:\/\/esclaustre.com\/"},"performer":"Organization"},"is_virtual":false,"virtual_url":null,"virtual_video_source":""}