{"id":6542,"global_id":"esclaustre.com\/en\/?id=6542","global_id_lineage":["esclaustre.com\/en\/?id=6542"],"author":"1","status":"publish","date":"2019-09-02 09:22:42","date_utc":"2019-09-02 09:22:42","modified":"2019-09-02 09:33:15","modified_utc":"2019-09-02 09:33:15","url":"https:\/\/esclaustre.com\/en\/event\/nit-de-glosat-amb-soca-de-mots\/","rest_url":"https:\/\/esclaustre.com\/en\/wp-json\/tribe\/events\/v1\/events\/6542","title":"Nit de Glosat amb Soca de Mots","description":"<p>[ bb_built=&#8221;1&#8243; fullwidth=&#8221;off&#8221; specialty=&#8221;on&#8221;][et_pb_column type=&#8221;3_4&#8243; specialty_columns=&#8221;3&#8243;][et_pb_row_inner admin_label=&#8221;Row&#8221; _builder_version=&#8221;3.0.51&#8243; background_position_1=&#8221;top_left&#8221; background_repeat_1=&#8221;no-repeat&#8221; module_class=&#8221;tribe-events-content__img&#8221;][et_pb_column_inner type=&#8221;4_4&#8243; saved_specialty_column_type=&#8221;3_4&#8243;][et_pb_image _builder_version=&#8221;3.0.64&#8243; src=&#8221;https:\/\/esclaustre.com\/wp-content\/uploads\/2018\/08\/Soca-de-Mots.jpg&#8221; show_in_lightbox=&#8221;off&#8221; url_new_window=&#8221;off&#8221; use_overlay=&#8221;off&#8221; sticky=&#8221;off&#8221; align=&#8221;left&#8221; always_center_on_mobile=&#8221;on&#8221; border_style=&#8221;solid&#8221; force_fullwidth=&#8221;off&#8221; alt=&#8221;by Carles Moll&#8221; \/][\/et_pb_column_inner][\/et_pb_row_inner][et_pb_row_inner admin_label=&#8221;Row&#8221; _builder_version=&#8221;3.0.51&#8243; background_position_1=&#8221;top_left&#8221; background_repeat_1=&#8221;no-repeat&#8221; module_class=&#8221;tribe-events-content__content&#8221;][et_pb_column_inner type=&#8221;4_4&#8243; saved_specialty_column_type=&#8221;3_4&#8243;][et_pb_code _builder_version=&#8221;3.0.64&#8243;][socialpug_share][\/et_pb_code][et_pb_text _builder_version=&#8221;3.0.64&#8243; background_layout=&#8221;light&#8221; text_orientation=&#8221;left&#8221; border_style=&#8221;solid&#8221;]<\/p>\n<h2><strong>Nit de Glosat amb \u00abSoca de Mots\u00bb<\/strong><\/h2>\n<div class=\"page\" title=\"Page 19\">\n<div class=\"layoutArea\">\n<div class=\"column\">\n<p>Convertit en tradici\u00f3 dins les festes de la Mareded\u00e9u de Gr\u00e0cia ens retrobarem amb les arrels a trav\u00e9s del sentir de les festes de Joan Moll i companyia.<\/p>\n<p>L\u2019associaci\u00f3 <strong>Soca de Mots<\/strong> va ser creada l\u2019any 1999 amb l\u2019objectiu de recuperar divulgar el g\u00e8nere de la poesia improvisada i formar nous glosadors entre la poblaci\u00f3 m\u00e9s jove.<\/p>\n<p>La feina dels membres de Soca de Mots per divulgar i preservar la glosa ha fet possible, a m\u00e9s, que la seva actual embranzida no respongui a l\u2019inter\u00e8s per convertir en espectacle aquesta manifestaci\u00f3 de la nostra cultura popular. \u00c9s lloable la seva capacitat de modernitzaci\u00f3, no en el sentit de canviar ritmes o estructures del glosar, sin\u00f3 en el sentit de fer-lo atractiu i viu, per animar joves i no tan joves a introduir-se en un art que combina la m\u00fasica, la paraula, el di\u00e0leg i l\u2019enginy a trav\u00e9s dels cursos i tallers que promouen arreu de l\u2019illa. Una generaci\u00f3 de nous glosadors \u00e9s, sens dubte, la millor garantia del seu futur.<\/p>\n<p><a href=\"http:\/\/socademots.blogspot.com\" target=\"_blank\" rel=\"noopener\">www.socademots.blogspot.com<\/a><\/p>\n<\/div>\n<\/div>\n<\/div>\n<p>[\/et_pb_text][\/et_pb_column_inner][\/et_pb_row_inner][\/et_pb_column][et_pb_column type=&#8221;1_4&#8243;][et_pb_customEventMetaFields admin_label=&#8221;EsClaustre Camps Event&#8221; _builder_version=&#8221;3.0.64&#8243; location=&#8221;on&#8221; schedule=&#8221;on&#8221; price=&#8221;on&#8221; module_class=&#8221;appendTo_tribe-events-infoBlocks_landscape&#8221; \/][et_pb_button _builder_version=&#8221;3.0.64&#8243; button_text=&#8221;Gratu\u00eft&#8221; button_url=&#8221;e&#8221; url_new_window=&#8221;on&#8221; button_alignment=&#8221;center&#8221; background_layout=&#8221;light&#8221; custom_button=&#8221;off&#8221; button_text_color=&#8221;#ffffff&#8221; button_bg_color=&#8221;#f92b44&#8243; button_border_width=&#8221;0&#8243; button_border_radius=&#8221;0&#8243; button_letter_spacing=&#8221;0&#8243; button_icon_placement=&#8221;right&#8221; button_letter_spacing_hover=&#8221;0&#8243; module_class=&#8221;btn-ticket appendTo_tribe-events-infoBlocks_landscape&#8221; \/][et_pb_customEventCategories _builder_version=&#8221;3.0.64&#8243; \/][et_pb_customEventTags _builder_version=&#8221;3.0.64&#8243; \/][\/et_pb_column][\/]<\/p>","excerpt":"<p>Convertit en tradici\u00f3 dins les festes de la Mareded\u00e9u de Gr\u00e0cia ens retrobarem amb les arrels a trav\u00e9s del sentir de les festes de Joan Moll i companyia.<\/p>","slug":"nit-de-glosat-amb-soca-de-mots","image":{"url":"https:\/\/esclaustre.com\/wp-content\/uploads\/2018\/08\/Soca-de-Mots.jpg","id":3250,"extension":"jpg","width":1000,"height":579,"filesize":127441,"sizes":{"woocommerce_thumbnail":{"width":300,"height":300,"mime-type":"image\/jpeg","filesize":39780,"uncropped":false,"url":"https:\/\/esclaustre.com\/wp-content\/uploads\/2018\/08\/Soca-de-Mots-300x300.jpg"},"woocommerce_gallery_thumbnail":{"width":100,"height":100,"mime-type":"image\/jpeg","filesize":5532,"url":"https:\/\/esclaustre.com\/wp-content\/uploads\/2018\/08\/Soca-de-Mots-100x100.jpg"},"woocommerce_single":{"width":600,"height":347,"mime-type":"image\/jpeg","filesize":87804,"url":"https:\/\/esclaustre.com\/wp-content\/uploads\/2018\/08\/Soca-de-Mots-600x347.jpg"},"thumbnail":{"width":150,"height":150,"mime-type":"image\/jpeg","url":"https:\/\/esclaustre.com\/wp-content\/uploads\/2018\/08\/Soca-de-Mots-150x150.jpg"},"medium":{"width":300,"height":174,"mime-type":"image\/jpeg","url":"https:\/\/esclaustre.com\/wp-content\/uploads\/2018\/08\/Soca-de-Mots-300x174.jpg"},"medium_large":{"width":768,"height":445,"mime-type":"image\/jpeg","url":"https:\/\/esclaustre.com\/wp-content\/uploads\/2018\/08\/Soca-de-Mots-768x445.jpg"},"thumb_event":{"width":480,"height":400,"mime-type":"image\/jpeg","url":"https:\/\/esclaustre.com\/wp-content\/uploads\/2018\/08\/Soca-de-Mots-480x400.jpg"},"et-pb-post-main-image":{"width":400,"height":250,"mime-type":"image\/jpeg","url":"https:\/\/esclaustre.com\/wp-content\/uploads\/2018\/08\/Soca-de-Mots-400x250.jpg"},"et-pb-portfolio-image":{"width":400,"height":284,"mime-type":"image\/jpeg","url":"https:\/\/esclaustre.com\/wp-content\/uploads\/2018\/08\/Soca-de-Mots-400x284.jpg"},"et-pb-portfolio-module-image":{"width":510,"height":382,"mime-type":"image\/jpeg","url":"https:\/\/esclaustre.com\/wp-content\/uploads\/2018\/08\/Soca-de-Mots-510x382.jpg"},"et-pb-gallery-module-image-portrait":{"width":400,"height":516,"mime-type":"image\/jpeg","url":"https:\/\/esclaustre.com\/wp-content\/uploads\/2018\/08\/Soca-de-Mots-400x516.jpg"}}},"all_day":false,"start_date":"2019-09-06 22:00:00","start_date_details":{"year":"2019","month":"09","day":"06","hour":"22","minutes":"00","seconds":"00"},"end_date":"2019-09-06 23:30:00","end_date_details":{"year":"2019","month":"09","day":"06","hour":"23","minutes":"30","seconds":"00"},"utc_start_date":"2019-09-06 22:00:00","utc_start_date_details":{"year":"2019","month":"09","day":"06","hour":"22","minutes":"00","seconds":"00"},"utc_end_date":"2019-09-06 23:30:00","utc_end_date_details":{"year":"2019","month":"09","day":"06","hour":"23","minutes":"30","seconds":"00"},"timezone":"UTC+0","timezone_abbr":"UTC+0","cost":"","cost_details":{"currency_symbol":"","currency_code":"","currency_position":"prefix","values":[]},"website":"","show_map":true,"show_map_link":true,"hide_from_listings":false,"sticky":false,"featured":false,"categories":[{"name":"Cultura","slug":"cultura-en","term_group":0,"term_taxonomy_id":650,"taxonomy":"tribe_events_cat","description":"","parent":0,"count":220,"filter":"raw","id":650,"urls":{"self":"https:\/\/esclaustre.com\/en\/wp-json\/tribe\/events\/v1\/categories\/650","collection":"https:\/\/esclaustre.com\/en\/wp-json\/tribe\/events\/v1\/categories"}},{"name":"Festa","slug":"festa-en","term_group":0,"term_taxonomy_id":651,"taxonomy":"tribe_events_cat","description":"","parent":0,"count":86,"filter":"raw","id":651,"urls":{"self":"https:\/\/esclaustre.com\/en\/wp-json\/tribe\/events\/v1\/categories\/651","collection":"https:\/\/esclaustre.com\/en\/wp-json\/tribe\/events\/v1\/categories"}},{"name":"Festes i Tradicions","slug":"festes-i-tradicions-en","term_group":0,"term_taxonomy_id":693,"taxonomy":"tribe_events_cat","description":"","parent":0,"count":15,"filter":"raw","id":693,"urls":{"self":"https:\/\/esclaustre.com\/en\/wp-json\/tribe\/events\/v1\/categories\/693","collection":"https:\/\/esclaustre.com\/en\/wp-json\/tribe\/events\/v1\/categories"}}],"tags":[{"name":"Glosat","slug":"glosat-en","term_group":0,"term_taxonomy_id":1251,"taxonomy":"post_tag","description":"","parent":0,"count":5,"filter":"raw","id":1251,"urls":{"self":"https:\/\/esclaustre.com\/en\/wp-json\/tribe\/events\/v1\/tags\/1251","collection":"https:\/\/esclaustre.com\/en\/wp-json\/tribe\/events\/v1\/tags"}},{"name":"Llengua","slug":"llengua-en","term_group":0,"term_taxonomy_id":1252,"taxonomy":"post_tag","description":"","parent":0,"count":5,"filter":"raw","id":1252,"urls":{"self":"https:\/\/esclaustre.com\/en\/wp-json\/tribe\/events\/v1\/tags\/1252","collection":"https:\/\/esclaustre.com\/en\/wp-json\/tribe\/events\/v1\/tags"}},{"name":"Menorca","slug":"menorca-en","term_group":0,"term_taxonomy_id":210,"taxonomy":"post_tag","description":"","parent":0,"count":103,"filter":"raw","id":210,"urls":{"self":"https:\/\/esclaustre.com\/en\/wp-json\/tribe\/events\/v1\/tags\/210","collection":"https:\/\/esclaustre.com\/en\/wp-json\/tribe\/events\/v1\/tags"}}],"venue":{"id":10072,"author":"1","status":"publish","date":"2017-06-10 10:10:47","date_utc":"2017-06-10 10:10:47","modified":"2024-02-17 13:07:33","modified_utc":"2024-02-17 13:07:33","url":"https:\/\/esclaustre.com\/en\/venue\/es-claustre\/","venue":"Es Claustre","description":"<p style=\"text-align: center;\"><iframe style=\"border: 0;\" tabindex=\"0\" src=\"https:\/\/www.google.com\/maps\/embed?pb=!1m18!1m12!1m3!1d3061.3595677516805!2d4.264105851719876!3d39.88858119541192!2m3!1f0!2f0!3f0!3m2!1i1024!2i768!4f13.1!3m3!1m2!1s0x12be2870019e5d63%3A0xae935b0eefb3f969!2sEs%20Claustre!5e0!3m2!1sca!2ses!4v1606817715298!5m2!1sca!2ses\" width=\"800\" height=\"650\" frameborder=\"0\" allowfullscreen=\"allowfullscreen\" aria-hidden=\"false\"><span data-mce-type=\"bookmark\" style=\"display: inline-block; width: 0px; overflow: hidden; line-height: 0;\" class=\"mce_SELRES_start\">\ufeff<\/span><\/iframe><\/p>\n<p style=\"text-align: center;\"><span style=\"color: #000000;\"><strong>Es Claustre<\/strong><\/span>: espai cultural situat al centre de Ma\u00f3. Concerts, Terrassa Bar i servei de cuina.<\/p>","slug":"es-claustre","address":"Pati del Claustre del Carme, 50","city":"Ma\u00f3","province":"illes balears","zip":"07701","phone":"654961698","website":"https:\/\/esclaustre.com\/","stateprovince":"illes balears","geo_lat":39.888632,"geo_lng":4.266257,"json_ld":{"@type":"Place","name":"Es Claustre","description":"&lt;p&gt;\ufeff Es Claustre: espai cultural situat al centre de Ma\u00f3. Concerts, Terrassa Bar i servei de cuina.&lt;\/p&gt;\\n","url":"https:\/\/esclaustre.com\/en\/venue\/es-claustre\/","address":{"@type":"PostalAddress","streetAddress":"Pati del Claustre del Carme, 50","addressLocality":"Ma\u00f3","addressRegion":"illes balears","postalCode":"07701"},"geo":{"@type":"GeoCoordinates","latitude":39.888632,"longitude":4.266257},"telephone":"654961698","sameAs":"https:\/\/esclaustre.com\/"},"show_map":true,"show_map_link":true,"global_id":"esclaustre.com\/en\/?id=10072","global_id_lineage":["esclaustre.com\/en\/?id=10072"]},"organizer":[],"custom_fields":{"_ecp_custom_12":{"label":"Localitzaci\u00f3","value":"Es Claustre"},"_ecp_custom_13":{"label":"Preu","value":"Gratu\u00eft"}},"json_ld":{"@context":"http:\/\/schema.org","@type":"Event","name":"Nit de Glosat amb Soca de Mots","description":"&lt;p&gt;Convertit en tradici\u00f3 dins les festes de la Mareded\u00e9u de Gr\u00e0cia ens retrobarem amb les arrels a trav\u00e9s del sentir de les festes de Joan Moll i companyia.&lt;\/p&gt;\\n","image":"https:\/\/esclaustre.com\/wp-content\/uploads\/2018\/08\/Soca-de-Mots.jpg","url":"https:\/\/esclaustre.com\/en\/event\/nit-de-glosat-amb-soca-de-mots\/","eventAttendanceMode":"https:\/\/schema.org\/OfflineEventAttendanceMode","eventStatus":"https:\/\/schema.org\/EventScheduled","startDate":"2019-09-06T22:00:00+00:00","endDate":"2019-09-06T23:30:00+00:00","location":{"@type":"Place","name":"Es Claustre","description":"&lt;p&gt;\ufeff Es Claustre: espai cultural situat al centre de Ma\u00f3. Concerts, Terrassa Bar i servei de cuina.&lt;\/p&gt;\\n","url":"https:\/\/esclaustre.com\/en\/venue\/es-claustre\/","address":{"@type":"PostalAddress","streetAddress":"Pati del Claustre del Carme, 50","addressLocality":"Ma\u00f3","addressRegion":"illes balears","postalCode":"07701"},"geo":{"@type":"GeoCoordinates","latitude":39.888632,"longitude":4.266257},"telephone":"654961698","sameAs":"https:\/\/esclaustre.com\/"},"performer":"Organization"},"is_virtual":false,"virtual_url":null,"virtual_video_source":""}