{"id":13285,"date":"2021-08-31T06:51:01","date_gmt":"2021-08-31T06:51:01","guid":{"rendered":"https:\/\/esclaustre.com\/hauser-wirth-i-es-claustre-organitzaen-quatre-diumenges-de-sessions-vermut\/"},"modified":"2021-10-13T14:00:29","modified_gmt":"2021-10-13T14:00:29","slug":"hauser-wirth-i-es-claustre-organitzen-sessions-vermut","status":"publish","type":"post","link":"https:\/\/esclaustre.com\/en\/hauser-wirth-i-es-claustre-organitzen-sessions-vermut\/","title":{"rendered":"Hauser &#038; Wirth i Es Claustre organitzen sessions vermut"},"content":{"rendered":"<h2><img fetchpriority=\"high\" decoding=\"async\" class=\"size-full wp-image-13275 alignleft\" src=\"https:\/\/esclaustre.com\/wp-content\/uploads\/2021\/08\/HW_concerts.jpg\" alt=\"H&amp;W_concerts\" width=\"747\" height=\"1000\" title=\"\" srcset=\"https:\/\/esclaustre.com\/wp-content\/uploads\/2021\/08\/HW_concerts.jpg 747w, https:\/\/esclaustre.com\/wp-content\/uploads\/2021\/08\/HW_concerts-600x803.jpg 600w, https:\/\/esclaustre.com\/wp-content\/uploads\/2021\/08\/HW_concerts-224x300.jpg 224w\" sizes=\"(max-width: 747px) 100vw, 747px\" \/><strong>Hauser &amp; Wirth i Es Claustre organitzen concerts vermut<\/strong><\/h2>\n<div><span style=\"color: #000000;\"><a href=\"https:\/\/www.hauserwirth.com\" target=\"_blank\" rel=\"noopener\">Hauser &amp; Wirth<\/a>\u00a0i <span style=\"color: #ff0000;\">Es Claustre<\/span> organitzen quatre diumenges de sessions vermut amb diferents artistes. Seran sessions gratu\u00eftes, sempre a les 12.15 hores, a la terrassa del restaurant Cantina.<\/span><\/div>\n<div><\/div>\n<div>\n<p>Programa d&#8217;activitats:<\/p>\n<p>S&#8217;inicia el <strong>5 de setembre<\/strong>, el trio menorqu\u00ed de jazz de <span style=\"color: #000000;\"><strong>Pere Arguimbau<\/strong><\/span> presentar\u00e0 el seu darrer \u00e0lbum, que beu del jazz cl\u00e0ssic i el folk mediterrani.<\/p>\n<p><span style=\"color: #000000;\">Dins la programaci\u00f3 del <strong>Menorca Groove Festival<\/strong>, l&#8217;artista<strong> M\u00fb Mbana<\/strong><\/span> actuar\u00e0 el <strong>19 de setembre<\/strong>, presentant les seves harm\u00f2niques creacions influenciades pels cants religiosos africans.<\/p>\n<p>El <strong>3 d\u2019octubre<\/strong>, la cantant maonesa <span style=\"color: #000000;\"><strong>Anna Ferrer<\/strong><\/span> portar\u00e0 el folk inspirat en les tradicions musicals d\u2019Espanya i Am\u00e8rica Llatina.<\/p>\n<p>I finalment, el <strong>17 d\u2019octubre<\/strong>, el duo format per <strong>Carola Ortiz<\/strong> (veu i clarinet) i <strong>Juan Pablo Balc\u00e1zar<\/strong> (contrabaix) compartir\u00e0 amb el p\u00fablic una sessi\u00f3 de <span style=\"color: #000000;\"><strong><em>Minimal hits<\/em><\/strong><\/span> de jazz lliure.<\/p>\n<\/div>\n<div><\/div>\n<div>\n<p>Les visites a l<strong>\u2019Illa del Rei <\/strong>es poden fer amb els <strong>Yellow Catamarans<\/strong> i tamb\u00e9 amb els Bots Berguiners, el nou servei de taxi mar\u00edtim que acaba d\u2019iniciar l\u2019activitat al port de Ma\u00f3 i que t\u00e9 com a particularitat el fet que s\u00f3n les primeres embarcacions impulsades per energia solar a la d\u00e0rsena menorquina.<\/p>\n<p>Des de la galeria recomanen comprar i reservar els tiquets per a les activitats a trav\u00e9s de la web. \u00a0En el cas de les entrades per als tallers familiars, inclouen tant l\u2019activitat com els despla\u00e7aments d\u2019anada i tornada a l\u2019Illa del Rei.<\/p>\n<p>&nbsp;<\/p>\n<\/div>\n<p>M\u00e9s info: <a href=\"http:\/\/www.hauserwirth.com\" target=\"_blank\" rel=\"noopener\">www.hauserwirth.com<\/a><\/p>\n<p>&nbsp;<\/p>\n","protected":false},"excerpt":{"rendered":"<p>Hauser &#038; Wirth i Es Claustre organitzen quatre diumenges de sessions vermut. Pere Arguimbau trio, M\u00fb Mbana, Anna Ferrer i Minimal hits de jazz lliure.<\/p>\n","protected":false},"author":1,"featured_media":13282,"comment_status":"open","ping_status":"open","sticky":false,"template":"","format":"standard","meta":{"_acf_changed":false,"footnotes":""},"categories":[16],"tags":[645,2473,2468,649],"class_list":["post-13285","post","type-post","status-publish","format-standard","has-post-thumbnail","hentry","category-uncategorized","tag-concerts-en","tag-hauser-wirth-en","tag-illa-del-rei-en","tag-vermut-en"],"acf":[],"_links":{"self":[{"href":"https:\/\/esclaustre.com\/en\/wp-json\/wp\/v2\/posts\/13285","targetHints":{"allow":["GET"]}}],"collection":[{"href":"https:\/\/esclaustre.com\/en\/wp-json\/wp\/v2\/posts"}],"about":[{"href":"https:\/\/esclaustre.com\/en\/wp-json\/wp\/v2\/types\/post"}],"author":[{"embeddable":true,"href":"https:\/\/esclaustre.com\/en\/wp-json\/wp\/v2\/users\/1"}],"replies":[{"embeddable":true,"href":"https:\/\/esclaustre.com\/en\/wp-json\/wp\/v2\/comments?post=13285"}],"version-history":[{"count":0,"href":"https:\/\/esclaustre.com\/en\/wp-json\/wp\/v2\/posts\/13285\/revisions"}],"wp:featuredmedia":[{"embeddable":true,"href":"https:\/\/esclaustre.com\/en\/wp-json\/wp\/v2\/media\/13282"}],"wp:attachment":[{"href":"https:\/\/esclaustre.com\/en\/wp-json\/wp\/v2\/media?parent=13285"}],"wp:term":[{"taxonomy":"category","embeddable":true,"href":"https:\/\/esclaustre.com\/en\/wp-json\/wp\/v2\/categories?post=13285"},{"taxonomy":"post_tag","embeddable":true,"href":"https:\/\/esclaustre.com\/en\/wp-json\/wp\/v2\/tags?post=13285"}],"curies":[{"name":"wp","href":"https:\/\/api.w.org\/{rel}","templated":true}]}}