{"id":15434,"date":"2022-07-04T19:01:49","date_gmt":"2022-07-04T19:01:49","guid":{"rendered":"https:\/\/esclaustre.com\/cinema-2022\/"},"modified":"2022-09-12T12:21:53","modified_gmt":"2022-09-12T12:21:53","slug":"cinema-2022","status":"publish","type":"post","link":"https:\/\/esclaustre.com\/en\/cinema-2022\/","title":{"rendered":"CINEMA 2022"},"content":{"rendered":"<h2><span style=\"color: #000000;\"><strong>CINEMA MIRADES 2022<\/strong><\/span><\/h2>\n<p>Cada dilluns de juliol i agost al Pati del Claustre del Carme s&#8217;organitza el Cicle de <strong>Cinema Intercultural en catal\u00e0.<\/strong> Aquest cicle de cinema vol posar en valor la <strong>diversitat cultural<\/strong> i promoure les<strong> relacions interculturals<\/strong>, com a forma de complir el nov\u00e8 dels compromisos pels quals la ciutat de <strong>Ma\u00f3<\/strong> forma part de la <strong>Coalici\u00f3 Europea Contra el Racisme<\/strong>.<\/p>\n<p>Consulteu tot el programa aqu\u00ed: <a href=\"https:\/\/esclaustre.com\/wp-content\/uploads\/2022\/07\/PROGRAMA-CINEMA-2022-.jpeg\" target=\"_blank\" rel=\"noopener\">MIRADES<\/a><\/p>\n<p><img decoding=\"async\" src=\"https:\/\/esclaustre.com\/wp-content\/uploads\/2022\/07\/PROGRAMA-CINEMA-2022-.jpeg\" alt=\"\" title=\"\"><\/p>\n<p><img decoding=\"async\" src=\"https:\/\/esclaustre.com\/wp-content\/uploads\/2022\/07\/PROGRAMA-CINEMA-2022-.jpg\" alt=\"\" title=\"\"><\/p>\n","protected":false},"excerpt":{"rendered":"<p>CINEMA 2022 Cada dilluns Cicle de Cinema Intercultural en catal\u00e0 Aquest cicle de cinema vol posar en valor la diversitat cultural i promoure les relacions interculturals, com a forma de complir el nov\u00e8 dels compromisos pels quals la ciutat de Ma\u00f3 forma part de la Coalici\u00f3 Europea Contra el Racisme.<\/p>\n","protected":false},"author":1,"featured_media":15428,"comment_status":"open","ping_status":"open","sticky":false,"template":"","format":"standard","meta":{"_acf_changed":false,"footnotes":""},"categories":[717,16],"tags":[1644,3022,3023],"class_list":["post-15434","post","type-post","status-publish","format-standard","has-post-thumbnail","hentry","category-blog-en","category-uncategorized","tag-cinema-en","tag-diversitat-cultural-en","tag-intercultural-en"],"acf":[],"_links":{"self":[{"href":"https:\/\/esclaustre.com\/en\/wp-json\/wp\/v2\/posts\/15434","targetHints":{"allow":["GET"]}}],"collection":[{"href":"https:\/\/esclaustre.com\/en\/wp-json\/wp\/v2\/posts"}],"about":[{"href":"https:\/\/esclaustre.com\/en\/wp-json\/wp\/v2\/types\/post"}],"author":[{"embeddable":true,"href":"https:\/\/esclaustre.com\/en\/wp-json\/wp\/v2\/users\/1"}],"replies":[{"embeddable":true,"href":"https:\/\/esclaustre.com\/en\/wp-json\/wp\/v2\/comments?post=15434"}],"version-history":[{"count":0,"href":"https:\/\/esclaustre.com\/en\/wp-json\/wp\/v2\/posts\/15434\/revisions"}],"wp:featuredmedia":[{"embeddable":true,"href":"https:\/\/esclaustre.com\/en\/wp-json\/wp\/v2\/media\/15428"}],"wp:attachment":[{"href":"https:\/\/esclaustre.com\/en\/wp-json\/wp\/v2\/media?parent=15434"}],"wp:term":[{"taxonomy":"category","embeddable":true,"href":"https:\/\/esclaustre.com\/en\/wp-json\/wp\/v2\/categories?post=15434"},{"taxonomy":"post_tag","embeddable":true,"href":"https:\/\/esclaustre.com\/en\/wp-json\/wp\/v2\/tags?post=15434"}],"curies":[{"name":"wp","href":"https:\/\/api.w.org\/{rel}","templated":true}]}}