{"id":16784,"date":"2022-11-01T21:31:53","date_gmt":"2022-11-01T20:31:53","guid":{"rendered":"https:\/\/esclaustre.com\/pol-batlle-rita-payes\/"},"modified":"2025-04-15T12:59:17","modified_gmt":"2025-04-15T10:59:17","slug":"pol-batlle-rita-payes","status":"publish","type":"post","link":"https:\/\/esclaustre.com\/en\/pol-batlle-rita-payes\/","title":{"rendered":"Pol Batlle &#038; Rita Pay\u00e9s &#8211; VIDA | A COLORS"},"content":{"rendered":"<h2 class=\"entry-title\"><strong>Pol Batlle i Rita Pay\u00e9s presenten \u00abVida\u00bb, en una actuaci\u00f3 a \u00abColors\u00bb<\/strong><\/h2>\n<p>El duet ara fa just un mes es presentava en directe en un dels darrers directes del programa d&#8217;<a href=\"https:\/\/esclaustre.com\/en\/\" target=\"_blank\" rel=\"noopener\">Es Claustre<\/a>\u00a0d&#8217;aquesta temporada, on ja es va poder escoltar <strong>Vida, una versi\u00f3 de la m\u00edtica can\u00e7\u00f3 del cantautor Lluis Llach<\/strong>\u00a0i que ara mostren en un video preci\u00f3s i delicat. Presentat en una actuaci\u00f3 a <a href=\"https:\/\/colorsxstudios.com\" target=\"_blank\" rel=\"noopener\">Colors Studios<\/a>, la plataforma berlinesa caracteritzada per mostrar artistes emergents amb una est\u00e8tica molt cuidada.<\/p>\n<p><iframe title=\"YouTube video player\" src=\"https:\/\/www.youtube.com\/embed\/mcUtHSIqEik\" width=\"560\" height=\"315\" frameborder=\"0\" allowfullscreen=\"allowfullscreen\"><\/iframe><\/p>\n","protected":false},"excerpt":{"rendered":"<p>Pol Batlle i Rita Pay\u00e9s presenten \u00abVida\u00bb, en una actuaci\u00f3 a \u00abColors\u00bb. El duet que va ser present en la programaci\u00f3 d&#8217;aquest estiu Es Claustre el proppassat dia 30 de setemebre.<\/p>\n","protected":false},"author":1,"featured_media":16781,"comment_status":"open","ping_status":"open","sticky":false,"template":"","format":"standard","meta":{"_acf_changed":false,"footnotes":""},"categories":[717,16],"tags":[3388,789,3389,3348,1658,3390],"class_list":["post-16784","post","type-post","status-publish","format-standard","has-post-thumbnail","hentry","category-blog-en","category-uncategorized","tag-colors-en","tag-es-claustre-en","tag-lluis-llach-en","tag-pol-batlle-en","tag-rita-payes-en","tag-vida-en"],"acf":[],"_links":{"self":[{"href":"https:\/\/esclaustre.com\/en\/wp-json\/wp\/v2\/posts\/16784","targetHints":{"allow":["GET"]}}],"collection":[{"href":"https:\/\/esclaustre.com\/en\/wp-json\/wp\/v2\/posts"}],"about":[{"href":"https:\/\/esclaustre.com\/en\/wp-json\/wp\/v2\/types\/post"}],"author":[{"embeddable":true,"href":"https:\/\/esclaustre.com\/en\/wp-json\/wp\/v2\/users\/1"}],"replies":[{"embeddable":true,"href":"https:\/\/esclaustre.com\/en\/wp-json\/wp\/v2\/comments?post=16784"}],"version-history":[{"count":1,"href":"https:\/\/esclaustre.com\/en\/wp-json\/wp\/v2\/posts\/16784\/revisions"}],"predecessor-version":[{"id":27357,"href":"https:\/\/esclaustre.com\/en\/wp-json\/wp\/v2\/posts\/16784\/revisions\/27357"}],"wp:featuredmedia":[{"embeddable":true,"href":"https:\/\/esclaustre.com\/en\/wp-json\/wp\/v2\/media\/16781"}],"wp:attachment":[{"href":"https:\/\/esclaustre.com\/en\/wp-json\/wp\/v2\/media?parent=16784"}],"wp:term":[{"taxonomy":"category","embeddable":true,"href":"https:\/\/esclaustre.com\/en\/wp-json\/wp\/v2\/categories?post=16784"},{"taxonomy":"post_tag","embeddable":true,"href":"https:\/\/esclaustre.com\/en\/wp-json\/wp\/v2\/tags?post=16784"}],"curies":[{"name":"wp","href":"https:\/\/api.w.org\/{rel}","templated":true}]}}