{"id":1339,"global_id":"esclaustre.com\/es\/?id=1339","global_id_lineage":["esclaustre.com\/es\/?id=1339"],"author":"1","status":"publish","date":"2017-06-30 11:25:58","date_utc":"2017-06-30 11:25:58","modified":"2017-07-24 17:25:10","modified_utc":"2017-07-24 17:25:10","url":"https:\/\/esclaustre.com\/es\/event\/five-days-to-dance\/","rest_url":"https:\/\/esclaustre.com\/es\/wp-json\/tribe\/events\/v1\/events\/1339","title":"Five Days to Dance","description":"<p>[ bb_built=\u00bb1&#8243; admin_label=\u00bbsection\u00bb _builder_version=\u00bb3.0.51&#8243; module_class=\u00bbeventPost__vertical\u00bb][et_pb_row admin_label=\u00bbrow\u00bb background_position=\u00bbtop_left\u00bb background_repeat=\u00bbrepeat\u00bb background_size=\u00bbinitial\u00bb _builder_version=\u00bb3.0.51&#8243; background_position_1=\u00bbtop_left\u00bb background_repeat_1=\u00bbno-repeat\u00bb background_position_2=\u00bbtop_left\u00bb background_repeat_2=\u00bbno-repeat\u00bb module_class_1=\u00bbeventPost__vertical__img\u00bb module_class_2=\u00bbeventPost__vertical__img_content\u00bb make_equal=\u00bbon\u00bb][et_pb_column type=\u00bb1_2&#8243;][et_pb_image admin_label=\u00bbImage\u00bb _builder_version=\u00bb3.0.51&#8243; src=\u00bbhttps:\/\/esclaustre.com\/wp-content\/uploads\/2017\/06\/Five-Days-to-Dance.jpg\u00bb show_in_lightbox=\u00bboff\u00bb url_new_window=\u00bboff\u00bb use_overlay=\u00bboff\u00bb sticky=\u00bbon\u00bb align=\u00bbleft\u00bb always_center_on_mobile=\u00bbon\u00bb border_style=\u00bbsolid\u00bb force_fullwidth=\u00bboff\u00bb \/][\/et_pb_column][et_pb_column type=\u00bb1_2&#8243;][et_pb_customEventMetaFields admin_label=\u00bbEs Claustre Camps Event\u00bb _builder_version=\u00bb3.0.51&#8243; location=\u00bbon\u00bb schedule=\u00bbon\u00bb price=\u00bbon\u00bb \/][et_pb_text admin_label=\u00bbDades generals de la pelicula\u00bb _builder_version=\u00bb3.0.51&#8243; background_layout=\u00bblight\u00bb text_orientation=\u00bbleft\u00bb border_style=\u00bbsolid\u00bb module_class=\u00bbpostEvent_cine__block\u00bb]<\/p>\n<h1>FIVE DAYS TO DANCE<\/h1>\n<h2>Rafa Mol\u00e9s, Pepe Andreu<\/h2>\n<h3><i class=\"glyphicon glyphicon-calendar\"><\/i> 2014 <i class=\"glyphicon glyphicon-time\"><\/i> 77 min.<\/h3>\n<div class=\"meta\"><i class=\"glyphicon glyphicon-volume-up\"><\/i> VO en castell\u00e0, angl\u00e8s, alemany i basc subtitulada en catal\u00e0<br \/>\n<i class=\"glyphicon glyphicon-tag\"><\/i> <a href=\"https:\/\/eldocumentaldelmes.com\/tag\/art-i-cultura\/\" rel=\"tag noopener\" target=\"_blank\">art i cultura<\/a>, <a href=\"https:\/\/eldocumentaldelmes.com\/tag\/infantil-i-adolescent\/\" rel=\"tag noopener\" target=\"_blank\">infantil i adolescent<\/a>, <a href=\"https:\/\/eldocumentaldelmes.com\/tag\/music-and-dance-ca\/\" rel=\"tag noopener\" target=\"_blank\">music and dance<\/a><\/div>\n<p>[\/et_pb_text][et_pb_customEventCategories admin_label=\u00bbCategories\u00bb _builder_version=\u00bb3.0.51&#8243; \/][et_pb_customEventTags admin_label=\u00bbTags\u00bb _builder_version=\u00bb3.0.51&#8243; \/][et_pb_text admin_label=\u00bbPremis + Link Trailer\u00bb _builder_version=\u00bb3.0.51&#8243; background_layout=\u00bblight\u00bb text_orientation=\u00bbleft\u00bb border_style=\u00bbsolid\u00bb module_class=\u00bbpostEvent_cine__block\u00bb]<\/p>\n<h4>PREMIS I FESTIVALS<\/h4>\n<ul>\n<li>DocsBarcelona. Espanya, 2014.<\/li>\n<li>DocsBarcelona+Medell\u00edn. Col\u00f2mbia, 2014.<\/li>\n<li>Donostia Zinemaldia. Espanya, 2014.<\/li>\n<li>DocsDF. M\u00e8xic, 2014.<\/li>\n<li>MiradasDoc &#8211; Canal Plus Award . Espanya, 2014.<\/li>\n<\/ul>\n<p><a href=\"https:\/\/www.youtube.com\/watch?v=G211QenHzJY\" target=\"_blank\" rel=\"noopener\">VEURE TRAILER<\/a><\/p>\n<p>[\/et_pb_text][et_pb_code admin_label=\u00bbCompartir\u00bb _builder_version=\u00bb3.0.51&#8243; module_class=\u00bbpostEvent_cine__block__Share\u00bb][socialpug_share][\/et_pb_code][\/et_pb_column][\/et_pb_row][et_pb_row admin_label=\u00bbRow\u00bb background_position=\u00bbtop_left\u00bb background_repeat=\u00bbrepeat\u00bb background_size=\u00bbinitial\u00bb _builder_version=\u00bb3.0.51&#8243; background_position_1=\u00bbtop_left\u00bb background_repeat_1=\u00bbno-repeat\u00bb background_position_2=\u00bbtop_left\u00bb background_repeat_2=\u00bbno-repeat\u00bb module_class=\u00bbeventPost__vertical__content\u00bb][et_pb_column type=\u00bb2_3&#8243;][et_pb_text admin_label=\u00bbText\u00bb _builder_version=\u00bb3.0.51&#8243; background_layout=\u00bblight\u00bb text_orientation=\u00bbleft\u00bb border_style=\u00bbsolid\u00bb]<\/p>\n<h3 class=\"postEvent_content__titleh3\">SINOPSIS<\/h3>\n<p>Una parella de ballarins apareix un mat\u00ed a l\u2019aula d\u2019un institut. \u00c9s dilluns, i anuncien a un grup d\u2019adolescents que tenen cinc dies per pujar a un escenari i ballar. Una setmana per canviar les coses; un petit termini, per\u00f2 un gran repte: moure \u00a0les persones quan el m\u00f3n ens paralitza.<\/p>\n<p>La dansa obliga \u00a0aquests joves a trencar els seus rols just en el moment de les seves vides en qu\u00e8 aquests rols socials s\u2019estan forjant. El l\u00edder deixa de ser el m\u00e9s admirat, el t\u00edmid fa un pas endavant\u2026 Ballar els obliga a tocar-se. Es comuniquen, s\u2019igualen. Algun no s\u2019alliberar\u00e0 fins a l\u2019\u00faltim instant.<\/p>\n<p>Wilfried Van Poppel i Amaya Lubeigt s\u00f3n els core\u00f2grafs. Ell, holand\u00e8s; ella, basca. La dansa \u00e9s el llenguatge com\u00fa. No importa el lloc. Cinc dies, una classe d\u2019adolescents, un microcosmos en el qual succeeix un petit big bang.<\/p>\n<h3 class=\"postEvent_content__titleh3\">SOBRE LA DIRECCI\u00d3<\/h3>\n<p>Rafa Mol\u00e9s Vilar \u00e9s periodista i guionista. El 2012, va rebre el premi de Periodista de l&#8217;Any en la III edici\u00f3 dels Premis de Periodisme de la Comunitat Valenciana. \u00c9s creador de l&#8217;equip de recerca de RTVV i autor de 18 documentals televisius. Pepe Andreu Ibarra \u00e9s un productor llicenciat en ci\u00e8ncies de la informaci\u00f3, imatge visual i auditiva. T\u00e9 15 anys d&#8217;experi\u00e8ncia com a productor televisiu, director de documentals i reporter d&#8217;informatius.<\/p>\n<p>Cicle documental amb el suport de la Regidoria de Pol\u00edtica Ling\u00fc\u00edstica de l&#8217;<a href=\"http:\/\/www.ajmao.org\" target=\"_blank\" rel=\"noopener\">Ajuntament de Ma\u00f3<\/a>.<\/p>\n<p>[\/et_pb_text][\/et_pb_column][et_pb_column type=\u00bb1_3&#8243;][et_pb_text admin_label=\u00bbFitxa t\u00e8cnica\u00bb _builder_version=\u00bb3.0.51&#8243; background_layout=\u00bblight\u00bb text_orientation=\u00bbleft\u00bb border_style=\u00bbsolid\u00bb module_class=\u00bbpostEvent_content__technicalData\u00bb]<\/p>\n<h4>FITXA T\u00c8CNICA<\/h4>\n<ul>\n<li style=\"list-style-type: none;\">\n<ul>\n<li><strong>Direcci\u00f3:\u00a0<\/strong>Rafa Mol\u00e9s, Pepe Andreu<\/li>\n<li><strong>M\u00fasica:\u00a0<\/strong>Jona Valent, Montefuji<\/li>\n<li><strong>So:\u00a0<\/strong>Jos\u00e9 Luis Rubio<\/li>\n<li><strong>Muntatge:\u00a0<\/strong>Pepe Andreu, M\u00f3nica Zamora<\/li>\n<li><strong>Fotografia:\u00a0<\/strong>Jos\u00e9 Luis Gonz\u00e1lez<\/li>\n<li><strong>Producci\u00f3:\u00a0<\/strong>Natalia Maestro, Jos\u00e9 Luis Rubio<\/li>\n<li><strong>Productores:\u00a0<\/strong>SUICAfilm, REC grabateka estudioa<\/li>\n<li><strong>Apte per a tots els p\u00fablics<\/strong><\/li>\n<\/ul>\n<\/li>\n<\/ul>\n<p>[\/et_pb_text][\/et_pb_column][\/et_pb_row][\/]<\/p>","excerpt":"<p>[DOCS MENORCA] El documental del mes: Five Days to Dance<\/p>","slug":"five-days-to-dance","image":{"url":"https:\/\/esclaustre.com\/wp-content\/uploads\/2017\/06\/FIVE-DAYS-TO-DANCE-w-e1607268042650.jpg","id":1199,"extension":"jpg","width":800,"height":548,"filesize":56604,"sizes":{"woocommerce_thumbnail":{"width":300,"height":300,"mime-type":"image\/jpeg","filesize":19281,"uncropped":false,"url":"https:\/\/esclaustre.com\/wp-content\/uploads\/2017\/06\/FIVE-DAYS-TO-DANCE-w-e1607268042650-300x300.jpg"},"woocommerce_gallery_thumbnail":{"width":100,"height":100,"mime-type":"image\/jpeg","filesize":3930,"url":"https:\/\/esclaustre.com\/wp-content\/uploads\/2017\/06\/FIVE-DAYS-TO-DANCE-w-e1607268042650-100x100.jpg"},"woocommerce_single":{"width":600,"height":411,"mime-type":"image\/jpeg","filesize":35755,"url":"https:\/\/esclaustre.com\/wp-content\/uploads\/2017\/06\/FIVE-DAYS-TO-DANCE-w-e1607268042650-600x411.jpg"},"thumbnail":{"width":150,"height":150,"mime-type":"image\/jpeg","url":"https:\/\/esclaustre.com\/wp-content\/uploads\/2017\/06\/FIVE-DAYS-TO-DANCE-w-150x150.jpg"},"medium":{"width":300,"height":206,"mime-type":"image\/jpeg","url":"https:\/\/esclaustre.com\/wp-content\/uploads\/2017\/06\/FIVE-DAYS-TO-DANCE-w-300x206.jpg"},"medium_large":{"width":768,"height":526,"mime-type":"image\/jpeg","url":"https:\/\/esclaustre.com\/wp-content\/uploads\/2017\/06\/FIVE-DAYS-TO-DANCE-w-768x526.jpg"},"et-pb-post-main-image":{"width":400,"height":250,"mime-type":"image\/jpeg","url":"https:\/\/esclaustre.com\/wp-content\/uploads\/2017\/06\/FIVE-DAYS-TO-DANCE-w-400x250.jpg"},"et-pb-post-main-image-fullwidth":{"width":1000,"height":675,"mime-type":"image\/jpeg","url":"https:\/\/esclaustre.com\/wp-content\/uploads\/2017\/06\/FIVE-DAYS-TO-DANCE-w-1000x675.jpg"},"et-pb-portfolio-image":{"width":400,"height":284,"mime-type":"image\/jpeg","url":"https:\/\/esclaustre.com\/wp-content\/uploads\/2017\/06\/FIVE-DAYS-TO-DANCE-w-400x284.jpg"},"et-pb-portfolio-module-image":{"width":510,"height":382,"mime-type":"image\/jpeg","url":"https:\/\/esclaustre.com\/wp-content\/uploads\/2017\/06\/FIVE-DAYS-TO-DANCE-w-510x382.jpg"},"et-pb-gallery-module-image-portrait":{"width":400,"height":516,"mime-type":"image\/jpeg","url":"https:\/\/esclaustre.com\/wp-content\/uploads\/2017\/06\/FIVE-DAYS-TO-DANCE-w-400x516.jpg"}}},"all_day":false,"start_date":"2017-08-28 22:00:00","start_date_details":{"year":"2017","month":"08","day":"28","hour":"22","minutes":"00","seconds":"00"},"end_date":"2017-08-28 23:30:00","end_date_details":{"year":"2017","month":"08","day":"28","hour":"23","minutes":"30","seconds":"00"},"utc_start_date":"2017-08-28 22:00:00","utc_start_date_details":{"year":"2017","month":"08","day":"28","hour":"22","minutes":"00","seconds":"00"},"utc_end_date":"2017-08-28 23:30:00","utc_end_date_details":{"year":"2017","month":"08","day":"28","hour":"23","minutes":"30","seconds":"00"},"timezone":"UTC+0","timezone_abbr":"","cost":"","cost_details":{"currency_symbol":"","currency_code":"","currency_position":"prefix","values":[]},"website":"","show_map":true,"show_map_link":true,"hide_from_listings":false,"sticky":false,"featured":false,"categories":[{"name":"Cinema","slug":"cinema-es","term_group":0,"term_taxonomy_id":121,"taxonomy":"tribe_events_cat","description":"","parent":0,"count":38,"filter":"raw","id":121,"urls":{"self":"https:\/\/esclaustre.com\/es\/wp-json\/tribe\/events\/v1\/categories\/121","collection":"https:\/\/esclaustre.com\/es\/wp-json\/tribe\/events\/v1\/categories"}}],"tags":[{"name":"DOCS","slug":"docs-es","term_group":0,"term_taxonomy_id":117,"taxonomy":"post_tag","description":"","parent":0,"count":9,"filter":"raw","id":117,"urls":{"self":"https:\/\/esclaustre.com\/es\/wp-json\/tribe\/events\/v1\/tags\/117","collection":"https:\/\/esclaustre.com\/es\/wp-json\/tribe\/events\/v1\/tags"}},{"name":"Documental","slug":"documental-es","term_group":0,"term_taxonomy_id":118,"taxonomy":"post_tag","description":"","parent":0,"count":17,"filter":"raw","id":118,"urls":{"self":"https:\/\/esclaustre.com\/es\/wp-json\/tribe\/events\/v1\/tags\/118","collection":"https:\/\/esclaustre.com\/es\/wp-json\/tribe\/events\/v1\/tags"}},{"name":"Pepe Andreu","slug":"pepe-andreu-es","term_group":0,"term_taxonomy_id":119,"taxonomy":"post_tag","description":"","parent":0,"count":2,"filter":"raw","id":119,"urls":{"self":"https:\/\/esclaustre.com\/es\/wp-json\/tribe\/events\/v1\/tags\/119","collection":"https:\/\/esclaustre.com\/es\/wp-json\/tribe\/events\/v1\/tags"}},{"name":"Rafa Mol\u00e9s","slug":"rafa-moles-es","term_group":0,"term_taxonomy_id":120,"taxonomy":"post_tag","description":"","parent":0,"count":2,"filter":"raw","id":120,"urls":{"self":"https:\/\/esclaustre.com\/es\/wp-json\/tribe\/events\/v1\/tags\/120","collection":"https:\/\/esclaustre.com\/es\/wp-json\/tribe\/events\/v1\/tags"}}],"venue":{"id":10073,"author":"1","status":"publish","date":"2017-06-10 10:10:47","date_utc":"2017-06-10 10:10:47","modified":"2020-12-01 18:22:46","modified_utc":"2020-12-01 18:22:46","url":"https:\/\/esclaustre.com\/es\/local\/es-claustre\/","venue":"Es Claustre","description":"<p style=\"text-align: center;\"><iframe style=\"border: 0;\" tabindex=\"0\" src=\"https:\/\/www.google.com\/maps\/embed?pb=!1m18!1m12!1m3!1d3061.3595677516805!2d4.264105851719876!3d39.88858119541192!2m3!1f0!2f0!3f0!3m2!1i1024!2i768!4f13.1!3m3!1m2!1s0x12be2870019e5d63%3A0xae935b0eefb3f969!2sEs%20Claustre!5e0!3m2!1sca!2ses!4v1606817715298!5m2!1sca!2ses\" width=\"800\" height=\"650\" frameborder=\"0\" allowfullscreen=\"allowfullscreen\" aria-hidden=\"false\"><span data-mce-type=\"bookmark\" style=\"display: inline-block; width: 0px; overflow: hidden; line-height: 0;\" class=\"mce_SELRES_start\">\ufeff<\/span><\/iframe><\/p>\n<p style=\"text-align: center;\"><span style=\"color: #000000;\"><strong>Es Claustre<\/strong><\/span>: espacio cultural situado en el centro de Mah\u00f3n. Conciertos, Terraza, Bar y servicio de cocina.<\/p>","slug":"es-claustre","address":"Pati del Claustre del Carme, 50","city":"Ma\u00f3","province":"illes balears","zip":"07701","phone":"654961698","website":"https:\/\/esclaustre.com\/","stateprovince":"illes balears","geo_lat":39.888632,"geo_lng":4.266257,"json_ld":{"@type":"Place","name":"Es Claustre","description":"&lt;p&gt;\ufeff Es Claustre: espacio cultural situado en el centro de Mah\u00f3n. Conciertos, Terraza, Bar y servicio de cocina.&lt;\/p&gt;\\n","url":"https:\/\/esclaustre.com\/es\/local\/es-claustre\/","address":{"@type":"PostalAddress","streetAddress":"Pati del Claustre del Carme, 50","addressLocality":"Ma\u00f3","addressRegion":"illes balears","postalCode":"07701"},"geo":{"@type":"GeoCoordinates","latitude":39.888632,"longitude":4.266257},"telephone":"654961698","sameAs":"https:\/\/esclaustre.com\/"},"show_map":true,"show_map_link":true,"global_id":"esclaustre.com\/es\/?id=10073","global_id_lineage":["esclaustre.com\/es\/?id=10073"]},"organizer":[],"custom_fields":{"_ecp_custom_12":{"label":"Localitzaci\u00f3","value":"Es Claustre"},"_ecp_custom_13":{"label":"Preu","value":"Taquilla 3\u20ac"}},"json_ld":{"@context":"http:\/\/schema.org","@type":"Event","name":"Five Days to Dance","description":"&lt;p&gt; El documental del mes: Five Days to Dance&lt;\/p&gt;\\n","image":"https:\/\/esclaustre.com\/wp-content\/uploads\/2017\/06\/FIVE-DAYS-TO-DANCE-w-e1607268042650.jpg","url":"https:\/\/esclaustre.com\/es\/event\/five-days-to-dance\/","eventAttendanceMode":"https:\/\/schema.org\/OfflineEventAttendanceMode","eventStatus":"https:\/\/schema.org\/EventScheduled","startDate":"2017-08-28T22:00:00+00:00","endDate":"2017-08-28T23:30:00+00:00","location":{"@type":"Place","name":"Es Claustre","description":"&lt;p&gt;\ufeff Es Claustre: espacio cultural situado en el centro de Mah\u00f3n. Conciertos, Terraza, Bar y servicio de cocina.&lt;\/p&gt;\\n","url":"https:\/\/esclaustre.com\/es\/local\/es-claustre\/","address":{"@type":"PostalAddress","streetAddress":"Pati del Claustre del Carme, 50","addressLocality":"Ma\u00f3","addressRegion":"illes balears","postalCode":"07701"},"geo":{"@type":"GeoCoordinates","latitude":39.888632,"longitude":4.266257},"telephone":"654961698","sameAs":"https:\/\/esclaustre.com\/"},"performer":"Organization"},"is_virtual":false,"virtual_url":null,"virtual_video_source":""}