{"id":26927,"global_id":"esclaustre.com\/es\/?id=26927","global_id_lineage":["esclaustre.com\/es\/?id=26927"],"author":"1","status":"publish","date":"2025-04-08 09:52:25","date_utc":"2025-04-08 07:52:25","modified":"2025-04-08 09:59:03","modified_utc":"2025-04-08 07:59:03","url":"https:\/\/esclaustre.com\/es\/event\/javi-medina\/","rest_url":"https:\/\/esclaustre.com\/es\/wp-json\/tribe\/events\/v1\/events\/26927","title":"Javi Medina","description":"<h2 class=\"uk-article-title\">\u00abJavi Medina\u00bb su vida, su m\u00fasica<\/h2>\n<div>\n<p><span style=\"font-family: -apple-system, BlinkMacSystemFont, 'Segoe UI', Roboto, 'Helvetica Neue', Arial, 'Noto Sans', sans-serif, 'Apple Color Emoji', 'Segoe UI Emoji', 'Segoe UI Symbol', 'Noto Color Emoji';\">Con tan solo dos \u00e1lbums publicados en 2019 y 2022 pero una intens\u00edsima carrera discogr\u00e1fica que en poco m\u00e1s de 5 a\u00f1os suma docenas de singles y hits como <b>Sale el Sol en el Bajo A<\/b>, <b>Me la Llevo<\/b> o <b>Yo voy pa\u2019rriba<\/b>;\u00a0<b>Javi Medina<\/b> es todo un fen\u00f3meno en la escena musical actual. Desde su <b>Legan\u00e9s<\/b> natal y siempre armado de su inseparable guitarra, <b>Medina<\/b> pulveriza las m\u00e9tricas con su capacidad para fusionar g\u00e9neros y crear un sonido \u00fanico que resuena con audiencias de diversas generaciones. La m\u00fasica de <b>Javi Medina<\/b> es un reflejo de su vida y experiencias, entrelazando letras profundas con melod\u00edas envolventes, con el sonido del <b>Ca\u00f1o Roto<\/b> como punto de partida para llegar a una fusi\u00f3n \u00fanica de flamenco contempor\u00e1neo y mil y uno otros g\u00e9neros. Lo de <b>Javi Medina<\/b> es un fen\u00f3meno al que atender, una voz \u00fanica en su generaci\u00f3n que con el cante a sus juergas y sus penas es capaz de conectar con un p\u00fablico cada vez m\u00e1s transversal y que no duda en seguirlo all\u00ed por donde pasa, sea para incendiar el escenario del <b>Teatro Egaleo<\/b> o del <b>Cabo de Plata Festival<\/b>, sea para abarrotar, sudar y colgar el cartel de \u201cagotadas las localidades\u201d como en su paso por <b>Sala Apolo<\/b>, <b>Malandar<\/b>, <b>Mon Live<\/b>&#8230; <\/span><\/p>\n<p><span style=\"font-family: -apple-system, BlinkMacSystemFont, 'Segoe UI', Roboto, 'Helvetica Neue', Arial, 'Noto Sans', sans-serif, 'Apple Color Emoji', 'Segoe UI Emoji', 'Segoe UI Symbol', 'Noto Color Emoji';\">El <b>Gato Negro Tour<\/b> arranca el proximo 21 de Marzo en <b>Sevilla<\/b>, en la emblematica <b>Sala Custom<\/b> para la que ya no quedan entradas desde hace semanas. Y lo llevar\u00e1 al escenario menorqu\u00edn el 17 de julio. No falteis!<\/span><\/p>\n<p>&nbsp;<\/p>\n<\/div>\n<div class=\"rve-embed-responsive rve-embed-responsive-16by9\"><iframe title=\"JAVI MEDINA con SALISTRE - ME LA LLEVO\" width=\"800\" height=\"450\" src=\"https:\/\/www.youtube.com\/embed\/N0JPebMqAZM?feature=oembed\" frameborder=\"0\" allow=\"accelerometer; autoplay; clipboard-write; encrypted-media; gyroscope; picture-in-picture; web-share\" referrerpolicy=\"strict-origin-when-cross-origin\" allowfullscreen><\/iframe><\/div>\n<p>&nbsp;<\/p>\n<div class=\"rve-embed-responsive rve-embed-responsive-16by9\"><iframe title=\"JAVI MEDINA y CAMILO - PINCELES\" width=\"800\" height=\"450\" src=\"https:\/\/www.youtube.com\/embed\/4dTU-OjX2Iw?feature=oembed\" frameborder=\"0\" allow=\"accelerometer; autoplay; clipboard-write; encrypted-media; gyroscope; picture-in-picture; web-share\" referrerpolicy=\"strict-origin-when-cross-origin\" allowfullscreen><\/iframe><\/div>","excerpt":"<p>Amb tan sols dos \u00e0lbums publicats el 2019 i 2022 per\u00f2 una intens\u00edssima carrera discogr\u00e0fica que en poc m\u00e9s de 5 anys suma dotzenes de singles i hits com Sale el Sol en el Bajo A, Me la Llevo o Yo voy pa\u2019rriba, Javi Medina \u00e9s tot un fenomen a l\u2019escena musical actual.<\/p>","slug":"javi-medina","image":{"url":"https:\/\/esclaustre.com\/wp-content\/uploads\/2025\/04\/Javi_Medina.jpeg","id":26918,"extension":"jpeg","width":1000,"height":667,"filesize":113609,"sizes":{"medium":{"width":300,"height":200,"mime-type":"image\/jpeg","filesize":7714,"url":"https:\/\/esclaustre.com\/wp-content\/uploads\/2025\/04\/Javi_Medina-300x200.jpeg"},"thumbnail":{"width":150,"height":150,"mime-type":"image\/jpeg","filesize":4719,"url":"https:\/\/esclaustre.com\/wp-content\/uploads\/2025\/04\/Javi_Medina-150x150.jpeg"},"medium_large":{"width":768,"height":512,"mime-type":"image\/jpeg","filesize":32227,"url":"https:\/\/esclaustre.com\/wp-content\/uploads\/2025\/04\/Javi_Medina-768x512.jpeg"},"woocommerce_thumbnail":{"width":300,"height":300,"mime-type":"image\/jpeg","filesize":12982,"url":"https:\/\/esclaustre.com\/wp-content\/uploads\/2025\/04\/Javi_Medina-300x300.jpeg"},"woocommerce_single":{"width":600,"height":400,"mime-type":"image\/jpeg","filesize":22075,"url":"https:\/\/esclaustre.com\/wp-content\/uploads\/2025\/04\/Javi_Medina-600x400.jpeg"},"woocommerce_gallery_thumbnail":{"width":100,"height":100,"mime-type":"image\/jpeg","filesize":2878,"url":"https:\/\/esclaustre.com\/wp-content\/uploads\/2025\/04\/Javi_Medina-100x100.jpeg"}}},"all_day":false,"start_date":"2025-07-17 22:00:00","start_date_details":{"year":"2025","month":"07","day":"17","hour":"22","minutes":"00","seconds":"00"},"end_date":"2025-07-17 23:30:00","end_date_details":{"year":"2025","month":"07","day":"17","hour":"23","minutes":"30","seconds":"00"},"utc_start_date":"2025-07-17 20:00:00","utc_start_date_details":{"year":"2025","month":"07","day":"17","hour":"20","minutes":"00","seconds":"00"},"utc_end_date":"2025-07-17 21:30:00","utc_end_date_details":{"year":"2025","month":"07","day":"17","hour":"21","minutes":"30","seconds":"00"},"timezone":"Europe\/Madrid","timezone_abbr":"CEST","cost":"20\u20ac","cost_details":{"currency_symbol":"\u20ac","currency_code":"EUR","currency_position":"suffix","values":["20"]},"website":"https:\/\/entradas.codetickets.com\/entradas\/javi-medina\/68041\/esclaustre\/online","show_map":true,"show_map_link":true,"hide_from_listings":false,"sticky":true,"featured":true,"categories":[{"name":"Agenda Menorca","slug":"agenda-menorca-es","term_group":0,"term_taxonomy_id":1424,"taxonomy":"tribe_events_cat","description":"","parent":0,"count":554,"filter":"raw","id":1424,"urls":{"self":"https:\/\/esclaustre.com\/es\/wp-json\/tribe\/events\/v1\/categories\/1424","collection":"https:\/\/esclaustre.com\/es\/wp-json\/tribe\/events\/v1\/categories"}},{"name":"Altres esdeveniments","slug":"altres-esdeveniments-es","term_group":0,"term_taxonomy_id":4152,"taxonomy":"tribe_events_cat","description":"","parent":0,"count":89,"filter":"raw","id":4152,"urls":{"self":"https:\/\/esclaustre.com\/es\/wp-json\/tribe\/events\/v1\/categories\/4152","collection":"https:\/\/esclaustre.com\/es\/wp-json\/tribe\/events\/v1\/categories"}}],"tags":[{"name":"Flamenco","slug":"flamenco-es","term_group":0,"term_taxonomy_id":142,"taxonomy":"post_tag","description":"","parent":0,"count":27,"filter":"raw","id":142,"urls":{"self":"https:\/\/esclaustre.com\/es\/wp-json\/tribe\/events\/v1\/tags\/142","collection":"https:\/\/esclaustre.com\/es\/wp-json\/tribe\/events\/v1\/tags"}},{"name":"Fusi\u00f3n","slug":"fusion-es","term_group":0,"term_taxonomy_id":143,"taxonomy":"post_tag","description":"","parent":0,"count":6,"filter":"raw","id":143,"urls":{"self":"https:\/\/esclaustre.com\/es\/wp-json\/tribe\/events\/v1\/tags\/143","collection":"https:\/\/esclaustre.com\/es\/wp-json\/tribe\/events\/v1\/tags"}},{"name":"Javi Medina","slug":"javi-medina-es","term_group":0,"term_taxonomy_id":4321,"taxonomy":"post_tag","description":"","parent":0,"count":2,"filter":"raw","id":4321,"urls":{"self":"https:\/\/esclaustre.com\/es\/wp-json\/tribe\/events\/v1\/tags\/4321","collection":"https:\/\/esclaustre.com\/es\/wp-json\/tribe\/events\/v1\/tags"}}],"venue":{"id":10073,"author":"1","status":"publish","date":"2017-06-10 10:10:47","date_utc":"2017-06-10 10:10:47","modified":"2020-12-01 18:22:46","modified_utc":"2020-12-01 18:22:46","url":"https:\/\/esclaustre.com\/es\/local\/es-claustre\/","venue":"Es Claustre","description":"<p style=\"text-align: center;\"><iframe style=\"border: 0;\" tabindex=\"0\" src=\"https:\/\/www.google.com\/maps\/embed?pb=!1m18!1m12!1m3!1d3061.3595677516805!2d4.264105851719876!3d39.88858119541192!2m3!1f0!2f0!3f0!3m2!1i1024!2i768!4f13.1!3m3!1m2!1s0x12be2870019e5d63%3A0xae935b0eefb3f969!2sEs%20Claustre!5e0!3m2!1sca!2ses!4v1606817715298!5m2!1sca!2ses\" width=\"800\" height=\"650\" frameborder=\"0\" allowfullscreen=\"allowfullscreen\" aria-hidden=\"false\"><span data-mce-type=\"bookmark\" style=\"display: inline-block; width: 0px; overflow: hidden; line-height: 0;\" class=\"mce_SELRES_start\">\ufeff<\/span><\/iframe><\/p>\n<p style=\"text-align: center;\"><span style=\"color: #000000;\"><strong>Es Claustre<\/strong><\/span>: espacio cultural situado en el centro de Mah\u00f3n. Conciertos, Terraza, Bar y servicio de cocina.<\/p>","slug":"es-claustre","address":"Pati del Claustre del Carme, 50","city":"Ma\u00f3","province":"illes balears","zip":"07701","phone":"654961698","website":"https:\/\/esclaustre.com\/","stateprovince":"illes balears","geo_lat":39.888632,"geo_lng":4.266257,"json_ld":{"@type":"Place","name":"Es Claustre","description":"&lt;p&gt;\ufeff Es Claustre: espacio cultural situado en el centro de Mah\u00f3n. Conciertos, Terraza, Bar y servicio de cocina.&lt;\/p&gt;\\n","url":"https:\/\/esclaustre.com\/es\/local\/es-claustre\/","address":{"@type":"PostalAddress","streetAddress":"Pati del Claustre del Carme, 50","addressLocality":"Ma\u00f3","addressRegion":"illes balears","postalCode":"07701"},"geo":{"@type":"GeoCoordinates","latitude":39.888632,"longitude":4.266257},"telephone":"654961698","sameAs":"https:\/\/esclaustre.com\/"},"show_map":true,"show_map_link":true,"global_id":"esclaustre.com\/es\/?id=10073","global_id_lineage":["esclaustre.com\/es\/?id=10073"]},"organizer":[{"id":24488,"author":"1","status":"publish","date":"2017-06-10 10:11:28","date_utc":"2017-06-10 08:11:28","modified":"2024-10-03 23:54:59","modified_utc":"2024-10-03 21:54:59","url":"https:\/\/esclaustre.com\/es\/organizador\/82\/","organizer":"ES CLAUSTRE","description":"<p><strong>Es Claustre<\/strong> Espai Cultural a Ma\u00f3. Un espai obert amb un programa cultural divers de festa compartida i cultura viva.<\/p>","excerpt":"<p>Es Claustre Espai Cultural a Ma\u00f3. Un espai obert amb un programa cultural divers de festa compartida i cultura viva. <\/p>","slug":"82","image":{"url":"https:\/\/esclaustre.com\/wp-content\/uploads\/2018\/12\/Terrassa.jpg","id":4634,"extension":"jpg","width":1000,"height":667,"filesize":106029,"sizes":{"woocommerce_thumbnail":{"width":300,"height":300,"mime-type":"image\/jpeg","filesize":18642,"uncropped":false,"url":"https:\/\/esclaustre.com\/wp-content\/uploads\/2018\/12\/Terrassa-300x300.jpg"},"woocommerce_gallery_thumbnail":{"width":100,"height":100,"mime-type":"image\/jpeg","filesize":3473,"url":"https:\/\/esclaustre.com\/wp-content\/uploads\/2018\/12\/Terrassa-100x100.jpg"},"woocommerce_single":{"width":600,"height":400,"mime-type":"image\/jpeg","filesize":44588,"url":"https:\/\/esclaustre.com\/wp-content\/uploads\/2018\/12\/Terrassa-600x400.jpg"},"thumbnail":{"width":150,"height":150,"mime-type":"image\/jpeg","url":"https:\/\/esclaustre.com\/wp-content\/uploads\/2018\/12\/Terrassa-150x150.jpg"},"medium":{"width":300,"height":200,"mime-type":"image\/jpeg","url":"https:\/\/esclaustre.com\/wp-content\/uploads\/2018\/12\/Terrassa-300x200.jpg"},"medium_large":{"width":768,"height":512,"mime-type":"image\/jpeg","url":"https:\/\/esclaustre.com\/wp-content\/uploads\/2018\/12\/Terrassa-768x512.jpg"},"thumb_event":{"width":480,"height":400,"mime-type":"image\/jpeg","url":"https:\/\/esclaustre.com\/wp-content\/uploads\/2018\/12\/Terrassa-480x400.jpg"},"et-pb-post-main-image":{"width":400,"height":250,"mime-type":"image\/jpeg","url":"https:\/\/esclaustre.com\/wp-content\/uploads\/2018\/12\/Terrassa-400x250.jpg"},"et-pb-portfolio-image":{"width":400,"height":284,"mime-type":"image\/jpeg","url":"https:\/\/esclaustre.com\/wp-content\/uploads\/2018\/12\/Terrassa-400x284.jpg"},"et-pb-portfolio-module-image":{"width":510,"height":382,"mime-type":"image\/jpeg","url":"https:\/\/esclaustre.com\/wp-content\/uploads\/2018\/12\/Terrassa-510x382.jpg"},"et-pb-gallery-module-image-portrait":{"width":400,"height":516,"mime-type":"image\/jpeg","url":"https:\/\/esclaustre.com\/wp-content\/uploads\/2018\/12\/Terrassa-400x516.jpg"}}},"phone":"+ 34 654 961 698","website":"https:\/\/esclaustre.com","email":"info@esclaustre.com","json_ld":{"@type":"Person","name":"ES CLAUSTRE","description":"&lt;p&gt;Es Claustre Espai Cultural a Ma\u00f3. Un espai obert amb un programa cultural divers de festa compartida i cultura viva. &lt;\/p&gt;\\n","image":"https:\/\/esclaustre.com\/wp-content\/uploads\/2018\/12\/Terrassa.jpg","url":"https:\/\/esclaustre.com","telephone":"+ 34 654 961 698","email":"&#105;&#110;&#102;o&#64;&#101;&#115;c&#108;a&#117;&#115;tre.co&#109;","sameAs":"https:\/\/esclaustre.com"},"global_id":"esclaustre.com\/es\/?id=24488","global_id_lineage":["esclaustre.com\/es\/?id=24488"]}],"custom_fields":{"_ecp_custom_12":{"label":"Localitzaci\u00f3","value":"Es Claustre"},"_ecp_custom_13":{"label":"Preu","value":"20"}},"json_ld":{"@context":"http:\/\/schema.org","@type":"Event","name":"Javi Medina","description":"&lt;p&gt;Amb tan sols dos \u00e0lbums publicats el 2019 i 2022 per\u00f2 una intens\u00edssima carrera discogr\u00e0fica que en poc m\u00e9s de 5 anys suma dotzenes de singles i hits com Sale el Sol en el Bajo A, Me la Llevo o Yo voy pa\u2019rriba, Javi Medina \u00e9s tot un fenomen a l\u2019escena musical actual.&lt;\/p&gt;\\n","image":"https:\/\/esclaustre.com\/wp-content\/uploads\/2025\/04\/Javi_Medina.jpeg","url":"https:\/\/esclaustre.com\/es\/event\/javi-medina\/","eventAttendanceMode":"https:\/\/schema.org\/OfflineEventAttendanceMode","eventStatus":"https:\/\/schema.org\/EventScheduled","startDate":"2025-07-17T22:00:00+02:00","endDate":"2025-07-17T23:30:00+02:00","location":{"@type":"Place","name":"Es Claustre","description":"&lt;p&gt;\ufeff Es Claustre: espacio cultural situado en el centro de Mah\u00f3n. Conciertos, Terraza, Bar y servicio de cocina.&lt;\/p&gt;\\n","url":"https:\/\/esclaustre.com\/es\/local\/es-claustre\/","address":{"@type":"PostalAddress","streetAddress":"Pati del Claustre del Carme, 50","addressLocality":"Ma\u00f3","addressRegion":"illes balears","postalCode":"07701"},"geo":{"@type":"GeoCoordinates","latitude":39.888632,"longitude":4.266257},"telephone":"654961698","sameAs":"https:\/\/esclaustre.com\/"},"organizer":{"@type":"Person","name":"ES CLAUSTRE","description":"&lt;p&gt;Es Claustre Espai Cultural a Ma\u00f3. Un espai obert amb un programa cultural divers de festa compartida i cultura viva. &lt;\/p&gt;\\n","image":"https:\/\/esclaustre.com\/wp-content\/uploads\/2018\/12\/Terrassa.jpg","url":"https:\/\/esclaustre.com","telephone":"+ 34 654 961 698","email":"i&#110;&#102;o&#64;&#101;&#115;&#99;laust&#114;e.&#99;&#111;&#109;","sameAs":"https:\/\/esclaustre.com"},"offers":{"@type":"Offer","price":"20","priceCurrency":"EUR","url":"https:\/\/esclaustre.com\/es\/event\/javi-medina\/","category":"primary","availability":"inStock","validFrom":"1970-01-01T00:00:00+00:00"},"performer":"Organization"},"is_virtual":false,"virtual_url":null,"virtual_video_source":""}