{"id":31263,"global_id":"esclaustre.com\/es\/?id=31263","global_id_lineage":["esclaustre.com\/es\/?id=31263"],"author":"1","status":"publish","date":"2026-04-28 12:23:24","date_utc":"2026-04-28 10:23:24","modified":"2026-04-28 14:46:39","modified_utc":"2026-04-28 12:46:39","url":"https:\/\/esclaustre.com\/es\/event\/guiem-pons-elation-trio\/","rest_url":"https:\/\/esclaustre.com\/es\/wp-json\/tribe\/events\/v1\/events\/31263","title":"Guiem Pons Elation Trio","description":"<h2><b>Guiem Pons Elation Trio<\/b><b><\/b><\/h2>\n<p>El bateria <strong>Guillem Pons<\/strong> es reuneix amb dos amics i mentors per revisitar el gran <strong><i>American Songbook<\/i><\/strong>, aix\u00ed com per presentar alguns originals dels seus companys de viatge. Una proposta que combina complicitat i maduresa, energia i comicitat per endinsar-nos en la m\u00e0gia de l&#8217;espontane\u00eftat del directe. L&#8217;acompanyen <strong>Pere Arguimbau<\/strong> a la guitarra i <strong>Manel \u00c1lvarez<\/strong> al contrabaix, una formaci\u00f3 que posa en valor la solidesa del jazz fet a Menorca i el comprom\u00eds dels seus m\u00fasics a retre un humil homenatge a la m\u00fasica afroamericana.<\/p>\n<p><strong>Guillem Pons<\/strong> bateria I <strong>Pere Arguimbau<\/strong> guitarra I <strong>Manel \u00c0lvarez<\/strong> contrabaix<\/p>\n<p>&nbsp;<\/p>","excerpt":"<p>Guiem Pons Elation Trio<\/p>\n<p>El bateria Guillem Pons es reuneix amb dos amics i mentors per revisitar el gran American Songbook, aix\u00ed com per presentar alguns originals dels seus companys de viatge. Una proposta que combina complicitat i maduresa, energia i comicitat per endinsar-nos en la m\u00e0gia de l&#8217;espontane\u00eftat del directe. L&#8217;acompanyen Pere Arguimbau a la guitarra i Manel \u00c1lvarez al contrabaix, una formaci\u00f3 que posa en valor la solidesa del jazz fet a Menorca i el comprom\u00eds dels seus m\u00fasics a retre un humil homenatge a la m\u00fasica afroamericana.<\/p>\n<p>Guillem Pons bateria I Pere Arguimbau guitarra I Manel \u00c0lvarez contrabaix<\/p>","slug":"guiem-pons-elation-trio","image":{"url":"https:\/\/esclaustre.com\/wp-content\/uploads\/2026\/04\/Guiem-Pons-Elation-Trio.jpeg","id":31246,"extension":"jpeg","width":1000,"height":667,"filesize":145503,"sizes":{"medium":{"width":300,"height":200,"mime-type":"image\/jpeg","filesize":12704,"url":"https:\/\/esclaustre.com\/wp-content\/uploads\/2026\/04\/Guiem-Pons-Elation-Trio-300x200.jpeg"},"thumbnail":{"width":150,"height":150,"mime-type":"image\/jpeg","filesize":5949,"url":"https:\/\/esclaustre.com\/wp-content\/uploads\/2026\/04\/Guiem-Pons-Elation-Trio-150x150.jpeg"},"medium_large":{"width":768,"height":512,"mime-type":"image\/jpeg","filesize":47803,"url":"https:\/\/esclaustre.com\/wp-content\/uploads\/2026\/04\/Guiem-Pons-Elation-Trio-768x512.jpeg"}}},"all_day":false,"start_date":"2026-05-03 21:00:00","start_date_details":{"year":"2026","month":"05","day":"03","hour":"21","minutes":"00","seconds":"00"},"end_date":"2026-05-03 23:30:00","end_date_details":{"year":"2026","month":"05","day":"03","hour":"23","minutes":"30","seconds":"00"},"utc_start_date":"2026-05-03 19:00:00","utc_start_date_details":{"year":"2026","month":"05","day":"03","hour":"19","minutes":"00","seconds":"00"},"utc_end_date":"2026-05-03 21:30:00","utc_end_date_details":{"year":"2026","month":"05","day":"03","hour":"21","minutes":"30","seconds":"00"},"timezone":"Europe\/Madrid","timezone_abbr":"CEST","cost":"15\u20ac","cost_details":{"currency_symbol":"\u20ac","currency_code":"EUR","currency_position":"suffix","values":["15"]},"website":"https:\/\/entradas.codetickets.com\/entradas\/esclaustre","show_map":true,"show_map_link":true,"hide_from_listings":false,"sticky":true,"featured":true,"categories":[{"name":"Agenda Menorca","slug":"agenda-menorca-es","term_group":0,"term_taxonomy_id":1424,"taxonomy":"tribe_events_cat","description":"","parent":0,"count":553,"filter":"raw","id":1424,"urls":{"self":"https:\/\/esclaustre.com\/es\/wp-json\/tribe\/events\/v1\/categories\/1424","collection":"https:\/\/esclaustre.com\/es\/wp-json\/tribe\/events\/v1\/categories"}},{"name":"Jazz","slug":"jazz-es","term_group":0,"term_taxonomy_id":774,"taxonomy":"tribe_events_cat","description":"","parent":0,"count":78,"filter":"raw","id":774,"urls":{"self":"https:\/\/esclaustre.com\/es\/wp-json\/tribe\/events\/v1\/categories\/774","collection":"https:\/\/esclaustre.com\/es\/wp-json\/tribe\/events\/v1\/categories"}}],"tags":[{"name":"Guiem Pons Elation Trio","slug":"guiem-pons-elation-trio","term_group":0,"term_taxonomy_id":4678,"taxonomy":"post_tag","description":"","parent":0,"count":1,"filter":"raw","id":4678,"urls":{"self":"https:\/\/esclaustre.com\/es\/wp-json\/tribe\/events\/v1\/tags\/4678","collection":"https:\/\/esclaustre.com\/es\/wp-json\/tribe\/events\/v1\/tags"}}],"venue":{"id":10073,"author":"1","status":"publish","date":"2017-06-10 10:10:47","date_utc":"2017-06-10 10:10:47","modified":"2020-12-01 18:22:46","modified_utc":"2020-12-01 18:22:46","url":"https:\/\/esclaustre.com\/es\/local\/es-claustre\/","venue":"Es Claustre","description":"<p style=\"text-align: center;\"><iframe style=\"border: 0;\" tabindex=\"0\" src=\"https:\/\/www.google.com\/maps\/embed?pb=!1m18!1m12!1m3!1d3061.3595677516805!2d4.264105851719876!3d39.88858119541192!2m3!1f0!2f0!3f0!3m2!1i1024!2i768!4f13.1!3m3!1m2!1s0x12be2870019e5d63%3A0xae935b0eefb3f969!2sEs%20Claustre!5e0!3m2!1sca!2ses!4v1606817715298!5m2!1sca!2ses\" width=\"800\" height=\"650\" frameborder=\"0\" allowfullscreen=\"allowfullscreen\" aria-hidden=\"false\"><span data-mce-type=\"bookmark\" style=\"display: inline-block; width: 0px; overflow: hidden; line-height: 0;\" class=\"mce_SELRES_start\">\ufeff<\/span><\/iframe><\/p>\n<p style=\"text-align: center;\"><span style=\"color: #000000;\"><strong>Es Claustre<\/strong><\/span>: espacio cultural situado en el centro de Mah\u00f3n. Conciertos, Terraza, Bar y servicio de cocina.<\/p>","slug":"es-claustre","address":"Pati del Claustre del Carme, 50","city":"Ma\u00f3","province":"illes balears","zip":"07701","phone":"654961698","website":"https:\/\/esclaustre.com\/","stateprovince":"illes balears","geo_lat":39.888632,"geo_lng":4.266257,"json_ld":{"@type":"Place","name":"Es Claustre","description":"&lt;p&gt;\ufeff Es Claustre: espacio cultural situado en el centro de Mah\u00f3n. Conciertos, Terraza, Bar y servicio de cocina.&lt;\/p&gt;\\n","url":"https:\/\/esclaustre.com\/es\/local\/es-claustre\/","address":{"@type":"PostalAddress","streetAddress":"Pati del Claustre del Carme, 50","addressLocality":"Ma\u00f3","addressRegion":"illes balears","postalCode":"07701"},"geo":{"@type":"GeoCoordinates","latitude":39.888632,"longitude":4.266257},"telephone":"654961698","sameAs":"https:\/\/esclaustre.com\/"},"show_map":true,"show_map_link":true,"global_id":"esclaustre.com\/es\/?id=10073","global_id_lineage":["esclaustre.com\/es\/?id=10073"]},"organizer":[{"id":24488,"author":"1","status":"publish","date":"2017-06-10 10:11:28","date_utc":"2017-06-10 08:11:28","modified":"2024-10-03 23:54:59","modified_utc":"2024-10-03 21:54:59","url":"https:\/\/esclaustre.com\/es\/organizador\/82\/","organizer":"ES CLAUSTRE","description":"<p><strong>Es Claustre<\/strong> Espai Cultural a Ma\u00f3. Un espai obert amb un programa cultural divers de festa compartida i cultura viva.<\/p>","excerpt":"<p>Es Claustre Espai Cultural a Ma\u00f3. Un espai obert amb un programa cultural divers de festa compartida i cultura viva. <\/p>","slug":"82","image":{"url":"https:\/\/esclaustre.com\/wp-content\/uploads\/2018\/12\/Terrassa.jpg","id":4634,"extension":"jpg","width":1000,"height":667,"filesize":106029,"sizes":{"woocommerce_thumbnail":{"width":300,"height":300,"mime-type":"image\/jpeg","filesize":18642,"uncropped":false,"url":"https:\/\/esclaustre.com\/wp-content\/uploads\/2018\/12\/Terrassa-300x300.jpg"},"woocommerce_gallery_thumbnail":{"width":100,"height":100,"mime-type":"image\/jpeg","filesize":3473,"url":"https:\/\/esclaustre.com\/wp-content\/uploads\/2018\/12\/Terrassa-100x100.jpg"},"woocommerce_single":{"width":600,"height":400,"mime-type":"image\/jpeg","filesize":44588,"url":"https:\/\/esclaustre.com\/wp-content\/uploads\/2018\/12\/Terrassa-600x400.jpg"},"thumbnail":{"width":150,"height":150,"mime-type":"image\/jpeg","url":"https:\/\/esclaustre.com\/wp-content\/uploads\/2018\/12\/Terrassa-150x150.jpg"},"medium":{"width":300,"height":200,"mime-type":"image\/jpeg","url":"https:\/\/esclaustre.com\/wp-content\/uploads\/2018\/12\/Terrassa-300x200.jpg"},"medium_large":{"width":768,"height":512,"mime-type":"image\/jpeg","url":"https:\/\/esclaustre.com\/wp-content\/uploads\/2018\/12\/Terrassa-768x512.jpg"},"thumb_event":{"width":480,"height":400,"mime-type":"image\/jpeg","url":"https:\/\/esclaustre.com\/wp-content\/uploads\/2018\/12\/Terrassa-480x400.jpg"},"et-pb-post-main-image":{"width":400,"height":250,"mime-type":"image\/jpeg","url":"https:\/\/esclaustre.com\/wp-content\/uploads\/2018\/12\/Terrassa-400x250.jpg"},"et-pb-portfolio-image":{"width":400,"height":284,"mime-type":"image\/jpeg","url":"https:\/\/esclaustre.com\/wp-content\/uploads\/2018\/12\/Terrassa-400x284.jpg"},"et-pb-portfolio-module-image":{"width":510,"height":382,"mime-type":"image\/jpeg","url":"https:\/\/esclaustre.com\/wp-content\/uploads\/2018\/12\/Terrassa-510x382.jpg"},"et-pb-gallery-module-image-portrait":{"width":400,"height":516,"mime-type":"image\/jpeg","url":"https:\/\/esclaustre.com\/wp-content\/uploads\/2018\/12\/Terrassa-400x516.jpg"}}},"phone":"+ 34 654 961 698","website":"https:\/\/esclaustre.com","email":"info@esclaustre.com","json_ld":{"@type":"Person","name":"ES CLAUSTRE","description":"&lt;p&gt;Es Claustre Espai Cultural a Ma\u00f3. Un espai obert amb un programa cultural divers de festa compartida i cultura viva. &lt;\/p&gt;\\n","image":"https:\/\/esclaustre.com\/wp-content\/uploads\/2018\/12\/Terrassa.jpg","url":"https:\/\/esclaustre.com","telephone":"+ 34 654 961 698","email":"i&#110;f&#111;&#64;&#101;&#115;&#99;&#108;&#97;ust&#114;e.&#99;o&#109;","sameAs":"https:\/\/esclaustre.com"},"global_id":"esclaustre.com\/es\/?id=24488","global_id_lineage":["esclaustre.com\/es\/?id=24488"]}],"custom_fields":{"_ecp_custom_12":{"label":"Localitzaci\u00f3","value":"Es Claustre"},"_ecp_custom_13":{"label":"Preu","value":"15\u20ac"}},"json_ld":{"@context":"http:\/\/schema.org","@type":"Event","name":"Guiem Pons Elation Trio","description":"&lt;p&gt;Guiem Pons Elation Trio&lt;\/p&gt;\\n&lt;p&gt;El bateria Guillem Pons es reuneix amb dos amics i mentors per revisitar el gran American Songbook, aix\u00ed com per presentar alguns originals dels seus companys de viatge. Una proposta que combina complicitat i maduresa, energia i comicitat per endinsar-nos en la m\u00e0gia de l\\'espontane\u00eftat del directe. L\\'acompanyen Pere Arguimbau a la guitarra i Manel \u00c1lvarez al contrabaix, una formaci\u00f3 que posa en valor la solidesa del jazz fet a Menorca i el comprom\u00eds dels seus m\u00fasics a retre un humil homenatge a la m\u00fasica afroamericana.&lt;\/p&gt;\\n&lt;p&gt;Guillem Pons bateria I Pere Arguimbau guitarra I Manel \u00c0lvarez contrabaix&lt;\/p&gt;\\n","image":"https:\/\/esclaustre.com\/wp-content\/uploads\/2026\/04\/Guiem-Pons-Elation-Trio.jpeg","url":"https:\/\/esclaustre.com\/es\/event\/guiem-pons-elation-trio\/","eventAttendanceMode":"https:\/\/schema.org\/OfflineEventAttendanceMode","eventStatus":"https:\/\/schema.org\/EventScheduled","startDate":"2026-05-03T21:00:00+02:00","endDate":"2026-05-03T23:30:00+02:00","location":{"@type":"Place","name":"Es Claustre","description":"&lt;p&gt;\ufeff Es Claustre: espacio cultural situado en el centro de Mah\u00f3n. Conciertos, Terraza, Bar y servicio de cocina.&lt;\/p&gt;\\n","url":"https:\/\/esclaustre.com\/es\/local\/es-claustre\/","address":{"@type":"PostalAddress","streetAddress":"Pati del Claustre del Carme, 50","addressLocality":"Ma\u00f3","addressRegion":"illes balears","postalCode":"07701"},"geo":{"@type":"GeoCoordinates","latitude":39.888632,"longitude":4.266257},"telephone":"654961698","sameAs":"https:\/\/esclaustre.com\/"},"organizer":{"@type":"Person","name":"ES CLAUSTRE","description":"&lt;p&gt;Es Claustre Espai Cultural a Ma\u00f3. Un espai obert amb un programa cultural divers de festa compartida i cultura viva. &lt;\/p&gt;\\n","image":"https:\/\/esclaustre.com\/wp-content\/uploads\/2018\/12\/Terrassa.jpg","url":"https:\/\/esclaustre.com","telephone":"+ 34 654 961 698","email":"in&#102;&#111;&#64;esc&#108;&#97;us&#116;r&#101;&#46;&#99;&#111;&#109;","sameAs":"https:\/\/esclaustre.com"},"offers":{"@type":"Offer","price":"15","priceCurrency":"EUR","url":"https:\/\/esclaustre.com\/es\/event\/guiem-pons-elation-trio\/","category":"primary","availability":"inStock","validFrom":"1970-01-01T00:00:00+00:00"},"performer":"Organization"},"is_virtual":false,"virtual_url":null,"virtual_video_source":""}