{"id":31314,"global_id":"esclaustre.com\/es\/?id=31314","global_id_lineage":["esclaustre.com\/es\/?id=31314"],"author":"1","status":"publish","date":"2026-05-01 11:01:18","date_utc":"2026-05-01 09:01:18","modified":"2026-05-01 11:03:29","modified_utc":"2026-05-01 09:03:29","url":"https:\/\/esclaustre.com\/es\/event\/lakrus-noloop\/","rest_url":"https:\/\/esclaustre.com\/es\/wp-json\/tribe\/events\/v1\/events\/31314","title":"LaKr\u00fas &#038; Nolo\u00f6p","description":"<h2><b>LaKr\u00fas &amp; Nolo\u00f6p, <em>pista, pista de baile<\/em><\/b><\/h2>\n<p>Desde Berl\u00edn, <strong>LaKr\u00fas<\/strong> llega por primera vez a <a href=\"http:\/\/www.esclaustre.com\">Es Claustre<\/a> con una propuesta elegante y envolvente, donde el house, el space disco y los sonidos synth se mezclan con una fuerte identidad r\u00edtmica.<\/p>\n<p><strong>Nolo\u00f6p<\/strong>, activo desde 1995, ha desarrollado su trayectoria entre la cultura de club y la exploraci\u00f3n sonora. Afincado en Menorca, ha impulsado proyectos como <strong>Disco Marisco<\/strong> o el <strong>Colibr\u00ed Barbudo<\/strong>,\u00a0 sus sets transitan entre house, breaks, indie dance y disco desde un enfoque libre y sin convencionalismos.<\/p>\n<p>Dos universos con personalidad propia que convergen en una misma noche, construyendo un recorrido sonoro, din\u00e1mico, sin etiquetas y directo a la pista de baile.<\/p>\n<p>&nbsp;<\/p>\n<p>&nbsp;<\/p>","excerpt":"<p>LaKr\u00fas &#038; Nolo\u00f6p.<br \/>\nDos universos amb personalitat pr\u00f2pia que convergeixen en una mateixa nit, construint un recorregut sonor din\u00e0mic, sense etiquetes i directe a la pista de ball.<\/p>","slug":"lakrus-noloop","image":{"url":"https:\/\/esclaustre.com\/wp-content\/uploads\/2026\/05\/Noloop.jpeg","id":31306,"extension":"jpeg","width":1000,"height":667,"filesize":197693,"sizes":{"medium":{"width":300,"height":200,"mime-type":"image\/jpeg","filesize":15920,"url":"https:\/\/esclaustre.com\/wp-content\/uploads\/2026\/05\/Noloop-300x200.jpeg"},"thumbnail":{"width":150,"height":150,"mime-type":"image\/jpeg","filesize":7300,"url":"https:\/\/esclaustre.com\/wp-content\/uploads\/2026\/05\/Noloop-150x150.jpeg"},"medium_large":{"width":768,"height":512,"mime-type":"image\/jpeg","filesize":64385,"url":"https:\/\/esclaustre.com\/wp-content\/uploads\/2026\/05\/Noloop-768x512.jpeg"}}},"all_day":false,"start_date":"2026-05-01 23:00:00","start_date_details":{"year":"2026","month":"05","day":"01","hour":"23","minutes":"00","seconds":"00"},"end_date":"2026-05-01 23:30:00","end_date_details":{"year":"2026","month":"05","day":"01","hour":"23","minutes":"30","seconds":"00"},"utc_start_date":"2026-05-01 21:00:00","utc_start_date_details":{"year":"2026","month":"05","day":"01","hour":"21","minutes":"00","seconds":"00"},"utc_end_date":"2026-05-01 21:30:00","utc_end_date_details":{"year":"2026","month":"05","day":"01","hour":"21","minutes":"30","seconds":"00"},"timezone":"Europe\/Madrid","timezone_abbr":"CEST","cost":"Gratu\u00eft","cost_details":{"currency_symbol":"\u20ac","currency_code":"\u20ac","currency_position":"suffix","values":["gratuit"]},"website":"","show_map":true,"show_map_link":true,"hide_from_listings":false,"sticky":true,"featured":true,"categories":[{"name":"Agenda Menorca","slug":"agenda-menorca-es","term_group":0,"term_taxonomy_id":1424,"taxonomy":"tribe_events_cat","description":"","parent":0,"count":566,"filter":"raw","id":1424,"urls":{"self":"https:\/\/esclaustre.com\/es\/wp-json\/tribe\/events\/v1\/categories\/1424","collection":"https:\/\/esclaustre.com\/es\/wp-json\/tribe\/events\/v1\/categories"}},{"name":"Altres esdeveniments","slug":"altres-esdeveniments-es","term_group":0,"term_taxonomy_id":4152,"taxonomy":"tribe_events_cat","description":"","parent":0,"count":90,"filter":"raw","id":4152,"urls":{"self":"https:\/\/esclaustre.com\/es\/wp-json\/tribe\/events\/v1\/categories\/4152","collection":"https:\/\/esclaustre.com\/es\/wp-json\/tribe\/events\/v1\/categories"}}],"tags":[{"name":"LaKr\u00fas &amp; Nolo\u00f6p","slug":"lakrus-noloop","term_group":0,"term_taxonomy_id":4687,"taxonomy":"post_tag","description":"","parent":0,"count":1,"filter":"raw","id":4687,"urls":{"self":"https:\/\/esclaustre.com\/es\/wp-json\/tribe\/events\/v1\/tags\/4687","collection":"https:\/\/esclaustre.com\/es\/wp-json\/tribe\/events\/v1\/tags"}}],"venue":{"id":10073,"author":"1","status":"publish","date":"2017-06-10 10:10:47","date_utc":"2017-06-10 10:10:47","modified":"2020-12-01 18:22:46","modified_utc":"2020-12-01 18:22:46","url":"https:\/\/esclaustre.com\/es\/local\/es-claustre\/","venue":"Es Claustre","description":"<p style=\"text-align: center;\"><iframe style=\"border: 0;\" tabindex=\"0\" src=\"https:\/\/www.google.com\/maps\/embed?pb=!1m18!1m12!1m3!1d3061.3595677516805!2d4.264105851719876!3d39.88858119541192!2m3!1f0!2f0!3f0!3m2!1i1024!2i768!4f13.1!3m3!1m2!1s0x12be2870019e5d63%3A0xae935b0eefb3f969!2sEs%20Claustre!5e0!3m2!1sca!2ses!4v1606817715298!5m2!1sca!2ses\" width=\"800\" height=\"650\" frameborder=\"0\" allowfullscreen=\"allowfullscreen\" aria-hidden=\"false\"><span data-mce-type=\"bookmark\" style=\"display: inline-block; width: 0px; overflow: hidden; line-height: 0;\" class=\"mce_SELRES_start\">\ufeff<\/span><\/iframe><\/p>\n<p style=\"text-align: center;\"><span style=\"color: #000000;\"><strong>Es Claustre<\/strong><\/span>: espacio cultural situado en el centro de Mah\u00f3n. Conciertos, Terraza, Bar y servicio de cocina.<\/p>","slug":"es-claustre","address":"Pati del Claustre del Carme, 50","city":"Ma\u00f3","province":"illes balears","zip":"07701","phone":"654961698","website":"https:\/\/esclaustre.com\/","stateprovince":"illes balears","geo_lat":39.888632,"geo_lng":4.266257,"json_ld":{"@type":"Place","name":"Es Claustre","description":"&lt;p&gt;\ufeff Es Claustre: espacio cultural situado en el centro de Mah\u00f3n. Conciertos, Terraza, Bar y servicio de cocina.&lt;\/p&gt;\\n","url":"https:\/\/esclaustre.com\/es\/local\/es-claustre\/","address":{"@type":"PostalAddress","streetAddress":"Pati del Claustre del Carme, 50","addressLocality":"Ma\u00f3","addressRegion":"illes balears","postalCode":"07701"},"geo":{"@type":"GeoCoordinates","latitude":39.888632,"longitude":4.266257},"telephone":"654961698","sameAs":"https:\/\/esclaustre.com\/"},"show_map":true,"show_map_link":true,"global_id":"esclaustre.com\/es\/?id=10073","global_id_lineage":["esclaustre.com\/es\/?id=10073"]},"organizer":[{"id":24488,"author":"1","status":"publish","date":"2017-06-10 10:11:28","date_utc":"2017-06-10 08:11:28","modified":"2024-10-03 23:54:59","modified_utc":"2024-10-03 21:54:59","url":"https:\/\/esclaustre.com\/es\/organizador\/82\/","organizer":"ES CLAUSTRE","description":"<p><strong>Es Claustre<\/strong> Espai Cultural a Ma\u00f3. Un espai obert amb un programa cultural divers de festa compartida i cultura viva.<\/p>","excerpt":"<p>Es Claustre Espai Cultural a Ma\u00f3. Un espai obert amb un programa cultural divers de festa compartida i cultura viva. <\/p>","slug":"82","image":{"url":"https:\/\/esclaustre.com\/wp-content\/uploads\/2018\/12\/Terrassa.jpg","id":4634,"extension":"jpg","width":1000,"height":667,"filesize":106029,"sizes":{"woocommerce_thumbnail":{"width":300,"height":300,"mime-type":"image\/jpeg","filesize":18642,"uncropped":false,"url":"https:\/\/esclaustre.com\/wp-content\/uploads\/2018\/12\/Terrassa-300x300.jpg"},"woocommerce_gallery_thumbnail":{"width":100,"height":100,"mime-type":"image\/jpeg","filesize":3473,"url":"https:\/\/esclaustre.com\/wp-content\/uploads\/2018\/12\/Terrassa-100x100.jpg"},"woocommerce_single":{"width":600,"height":400,"mime-type":"image\/jpeg","filesize":44588,"url":"https:\/\/esclaustre.com\/wp-content\/uploads\/2018\/12\/Terrassa-600x400.jpg"},"thumbnail":{"width":150,"height":150,"mime-type":"image\/jpeg","url":"https:\/\/esclaustre.com\/wp-content\/uploads\/2018\/12\/Terrassa-150x150.jpg"},"medium":{"width":300,"height":200,"mime-type":"image\/jpeg","url":"https:\/\/esclaustre.com\/wp-content\/uploads\/2018\/12\/Terrassa-300x200.jpg"},"medium_large":{"width":768,"height":512,"mime-type":"image\/jpeg","url":"https:\/\/esclaustre.com\/wp-content\/uploads\/2018\/12\/Terrassa-768x512.jpg"},"thumb_event":{"width":480,"height":400,"mime-type":"image\/jpeg","url":"https:\/\/esclaustre.com\/wp-content\/uploads\/2018\/12\/Terrassa-480x400.jpg"},"et-pb-post-main-image":{"width":400,"height":250,"mime-type":"image\/jpeg","url":"https:\/\/esclaustre.com\/wp-content\/uploads\/2018\/12\/Terrassa-400x250.jpg"},"et-pb-portfolio-image":{"width":400,"height":284,"mime-type":"image\/jpeg","url":"https:\/\/esclaustre.com\/wp-content\/uploads\/2018\/12\/Terrassa-400x284.jpg"},"et-pb-portfolio-module-image":{"width":510,"height":382,"mime-type":"image\/jpeg","url":"https:\/\/esclaustre.com\/wp-content\/uploads\/2018\/12\/Terrassa-510x382.jpg"},"et-pb-gallery-module-image-portrait":{"width":400,"height":516,"mime-type":"image\/jpeg","url":"https:\/\/esclaustre.com\/wp-content\/uploads\/2018\/12\/Terrassa-400x516.jpg"}}},"phone":"+ 34 654 961 698","website":"https:\/\/esclaustre.com","email":"info@esclaustre.com","json_ld":{"@type":"Person","name":"ES CLAUSTRE","description":"&lt;p&gt;Es Claustre Espai Cultural a Ma\u00f3. Un espai obert amb un programa cultural divers de festa compartida i cultura viva. &lt;\/p&gt;\\n","image":"https:\/\/esclaustre.com\/wp-content\/uploads\/2018\/12\/Terrassa.jpg","url":"https:\/\/esclaustre.com","telephone":"+ 34 654 961 698","email":"info&#64;esc&#108;a&#117;st&#114;e&#46;co&#109;","sameAs":"https:\/\/esclaustre.com"},"global_id":"esclaustre.com\/es\/?id=24488","global_id_lineage":["esclaustre.com\/es\/?id=24488"]}],"custom_fields":{"_ecp_custom_12":{"label":"Localitzaci\u00f3","value":"Es Claustre"},"_ecp_custom_13":{"label":"Preu","value":"Gratu\u00eft"}},"json_ld":{"@context":"http:\/\/schema.org","@type":"Event","name":"LaKr\u00fas &#038; Nolo\u00f6p","description":"&lt;p&gt;LaKr\u00fas &amp; Nolo\u00f6p.&lt;br \/&gt;\\nDos universos amb personalitat pr\u00f2pia que convergeixen en una mateixa nit, construint un recorregut sonor din\u00e0mic, sense etiquetes i directe a la pista de ball.&lt;\/p&gt;\\n","image":"https:\/\/esclaustre.com\/wp-content\/uploads\/2026\/05\/Noloop.jpeg","url":"https:\/\/esclaustre.com\/es\/event\/lakrus-noloop\/","eventAttendanceMode":"https:\/\/schema.org\/OfflineEventAttendanceMode","eventStatus":"https:\/\/schema.org\/EventScheduled","startDate":"2026-05-01T23:00:00+02:00","endDate":"2026-05-01T23:30:00+02:00","location":{"@type":"Place","name":"Es Claustre","description":"&lt;p&gt;\ufeff Es Claustre: espacio cultural situado en el centro de Mah\u00f3n. Conciertos, Terraza, Bar y servicio de cocina.&lt;\/p&gt;\\n","url":"https:\/\/esclaustre.com\/es\/local\/es-claustre\/","address":{"@type":"PostalAddress","streetAddress":"Pati del Claustre del Carme, 50","addressLocality":"Ma\u00f3","addressRegion":"illes balears","postalCode":"07701"},"geo":{"@type":"GeoCoordinates","latitude":39.888632,"longitude":4.266257},"telephone":"654961698","sameAs":"https:\/\/esclaustre.com\/"},"organizer":{"@type":"Person","name":"ES CLAUSTRE","description":"&lt;p&gt;Es Claustre Espai Cultural a Ma\u00f3. Un espai obert amb un programa cultural divers de festa compartida i cultura viva. &lt;\/p&gt;\\n","image":"https:\/\/esclaustre.com\/wp-content\/uploads\/2018\/12\/Terrassa.jpg","url":"https:\/\/esclaustre.com","telephone":"+ 34 654 961 698","email":"info&#64;e&#115;&#99;&#108;&#97;&#117;&#115;&#116;&#114;&#101;.c&#111;&#109;","sameAs":"https:\/\/esclaustre.com"},"offers":{"@type":"Offer","price":"Gratu\u00eft","priceCurrency":"\u20ac","url":"https:\/\/esclaustre.com\/es\/event\/lakrus-noloop\/","category":"primary","availability":"inStock","validFrom":"1970-01-01T00:00:00+00:00"},"performer":"Organization"},"is_virtual":false,"virtual_url":null,"virtual_video_source":""}