{"id":31426,"global_id":"esclaustre.com\/es\/?id=31426","global_id_lineage":["esclaustre.com\/es\/?id=31426"],"author":"1","status":"publish","date":"2026-05-01 13:48:49","date_utc":"2026-05-01 11:48:49","modified":"2026-05-01 13:51:22","modified_utc":"2026-05-01 11:51:22","url":"https:\/\/esclaustre.com\/es\/event\/fran-ramos\/","rest_url":"https:\/\/esclaustre.com\/es\/wp-json\/tribe\/events\/v1\/events\/31426","title":"Fran Ramos","description":"<h2><strong>\u00abFran Ramos\u00bb presenta Steppin\u2019 Beyond<\/strong><\/h2>\n<p><strong>Steppin&#8217; Beyond<\/strong>, \u00e9s el segon treball del saxofonista de jazz valenci\u00e0 <strong>Fran Ramos<\/strong>. En aquest segon t\u00edtol, Fran es desperta i torna a n\u00e9ixer per oferir- nos un disc fresc ric en matisos, amb una gran varietat compositiva pr\u00f2pia que abasta estils diversos des del <strong>jazz modal<\/strong> fins a una <strong>chacarera<\/strong> o fins i tot <strong>l&#8217;afrobeat<\/strong>. Havent tornat al seu nen interior, mentre es tornen a construir aquests pilars de la felicitat, les peces connecten tant amb la tradici\u00f3 jazz\u00edstica com amb el folklore, on conflueixen ritmes que formen part del seu propi llenguatge que el diferencia de la resta. Tot sense deixar de mirar cap al jazz modern, amb referents com Keith Jarrett, John Coltrane o Wayne Shorter, tal com ja ens t\u00e9 acostumats.<\/p>\n<p>&nbsp;<\/p>\n<p><strong>Fran Ramos<\/strong>\u00a0 saxo alt I <strong>Diego Hervalejo<\/strong>\u00a0 piano I <strong>Camil Arcarazo<\/strong>\u00a0 contrabaix I <strong>Enric Fuster<\/strong><span class=\"Apple-converted-space\">\u00a0 b<\/span>ateria<\/p>\n<p>&nbsp;<\/p>\n<figure id=\"attachment_31320\" aria-describedby=\"caption-attachment-31320\" style=\"width: 792px\" class=\"wp-caption aligncenter\"><img fetchpriority=\"high\" decoding=\"async\" class=\"size-full wp-image-31320\" src=\"https:\/\/esclaustre.com\/wp-content\/uploads\/2026\/04\/Jazz_EsClaustre23_2026.jpeg\" alt=\"Programa Jazz Es Claustre 23 I 2026\" width=\"792\" height=\"1000\" title=\"\" srcset=\"https:\/\/esclaustre.com\/wp-content\/uploads\/2026\/04\/Jazz_EsClaustre23_2026.jpeg 792w, https:\/\/esclaustre.com\/wp-content\/uploads\/2026\/04\/Jazz_EsClaustre23_2026-238x300.jpeg 238w, https:\/\/esclaustre.com\/wp-content\/uploads\/2026\/04\/Jazz_EsClaustre23_2026-768x970.jpeg 768w\" sizes=\"(max-width: 792px) 100vw, 792px\" \/><figcaption id=\"caption-attachment-31320\" class=\"wp-caption-text\">Programa Jazz <a href=\"http:\/\/www.esclaustre.com\">Es Claustre<\/a> 23 I 2026<\/figcaption><\/figure>","excerpt":"<p>\u00abFran Ramos\u00bb presenta Steppin\u2019 Beyond<\/p>\n<p>Steppin&#8217; Beyond, \u00e9s el segon treball del saxofonista de jazz valenci\u00e0 Fran Ramos. En aquest segon t\u00edtol, Fran es desperta i torna a n\u00e9ixer per oferir- nos un disc fresc ric en matisos, amb una gran varietat compositiva pr\u00f2pia que abasta estils diversos des del jazz modal fins a una chacarera o fins i tot l&#8217;afrobeat<\/p>","slug":"fran-ramos","image":{"url":"https:\/\/esclaustre.com\/wp-content\/uploads\/2026\/05\/Fran_Ramos.jpeg","id":31420,"extension":"jpeg","width":1000,"height":668,"filesize":198348,"sizes":{"medium":{"width":300,"height":200,"mime-type":"image\/jpeg","filesize":17695,"url":"https:\/\/esclaustre.com\/wp-content\/uploads\/2026\/05\/Fran_Ramos-300x200.jpeg"},"thumbnail":{"width":150,"height":150,"mime-type":"image\/jpeg","filesize":7759,"url":"https:\/\/esclaustre.com\/wp-content\/uploads\/2026\/05\/Fran_Ramos-150x150.jpeg"},"medium_large":{"width":768,"height":513,"mime-type":"image\/jpeg","filesize":74853,"url":"https:\/\/esclaustre.com\/wp-content\/uploads\/2026\/05\/Fran_Ramos-768x513.jpeg"}}},"all_day":false,"start_date":"2026-06-21 21:00:00","start_date_details":{"year":"2026","month":"06","day":"21","hour":"21","minutes":"00","seconds":"00"},"end_date":"2026-06-21 23:30:00","end_date_details":{"year":"2026","month":"06","day":"21","hour":"23","minutes":"30","seconds":"00"},"utc_start_date":"2026-06-21 19:00:00","utc_start_date_details":{"year":"2026","month":"06","day":"21","hour":"19","minutes":"00","seconds":"00"},"utc_end_date":"2026-06-21 21:30:00","utc_end_date_details":{"year":"2026","month":"06","day":"21","hour":"21","minutes":"30","seconds":"00"},"timezone":"Europe\/Madrid","timezone_abbr":"CEST","cost":"15\u20ac","cost_details":{"currency_symbol":"\u20ac","currency_code":"\u20ac","currency_position":"suffix","values":["15"]},"website":"https:\/\/entradas.codetickets.com\/entradas\/fran-ramos\/91674\/esclaustre\/online","show_map":true,"show_map_link":true,"hide_from_listings":false,"sticky":true,"featured":true,"categories":[{"name":"Agenda Menorca","slug":"agenda-menorca-es","term_group":0,"term_taxonomy_id":1424,"taxonomy":"tribe_events_cat","description":"","parent":0,"count":566,"filter":"raw","id":1424,"urls":{"self":"https:\/\/esclaustre.com\/es\/wp-json\/tribe\/events\/v1\/categories\/1424","collection":"https:\/\/esclaustre.com\/es\/wp-json\/tribe\/events\/v1\/categories"}},{"name":"Jazz","slug":"jazz-es","term_group":0,"term_taxonomy_id":774,"taxonomy":"tribe_events_cat","description":"","parent":0,"count":89,"filter":"raw","id":774,"urls":{"self":"https:\/\/esclaustre.com\/es\/wp-json\/tribe\/events\/v1\/categories\/774","collection":"https:\/\/esclaustre.com\/es\/wp-json\/tribe\/events\/v1\/categories"}}],"tags":[{"name":"Fran Ramos","slug":"fran-ramos","term_group":0,"term_taxonomy_id":4702,"taxonomy":"post_tag","description":"","parent":0,"count":1,"filter":"raw","id":4702,"urls":{"self":"https:\/\/esclaustre.com\/es\/wp-json\/tribe\/events\/v1\/tags\/4702","collection":"https:\/\/esclaustre.com\/es\/wp-json\/tribe\/events\/v1\/tags"}}],"venue":{"id":10073,"author":"1","status":"publish","date":"2017-06-10 10:10:47","date_utc":"2017-06-10 10:10:47","modified":"2020-12-01 18:22:46","modified_utc":"2020-12-01 18:22:46","url":"https:\/\/esclaustre.com\/es\/local\/es-claustre\/","venue":"Es Claustre","description":"<p style=\"text-align: center;\"><iframe style=\"border: 0;\" tabindex=\"0\" src=\"https:\/\/www.google.com\/maps\/embed?pb=!1m18!1m12!1m3!1d3061.3595677516805!2d4.264105851719876!3d39.88858119541192!2m3!1f0!2f0!3f0!3m2!1i1024!2i768!4f13.1!3m3!1m2!1s0x12be2870019e5d63%3A0xae935b0eefb3f969!2sEs%20Claustre!5e0!3m2!1sca!2ses!4v1606817715298!5m2!1sca!2ses\" width=\"800\" height=\"650\" frameborder=\"0\" allowfullscreen=\"allowfullscreen\" aria-hidden=\"false\"><span data-mce-type=\"bookmark\" style=\"display: inline-block; width: 0px; overflow: hidden; line-height: 0;\" class=\"mce_SELRES_start\">\ufeff<\/span><\/iframe><\/p>\n<p style=\"text-align: center;\"><span style=\"color: #000000;\"><strong>Es Claustre<\/strong><\/span>: espacio cultural situado en el centro de Mah\u00f3n. Conciertos, Terraza, Bar y servicio de cocina.<\/p>","slug":"es-claustre","address":"Pati del Claustre del Carme, 50","city":"Ma\u00f3","province":"illes balears","zip":"07701","phone":"654961698","website":"https:\/\/esclaustre.com\/","stateprovince":"illes balears","geo_lat":39.888632,"geo_lng":4.266257,"json_ld":{"@type":"Place","name":"Es Claustre","description":"&lt;p&gt;\ufeff Es Claustre: espacio cultural situado en el centro de Mah\u00f3n. Conciertos, Terraza, Bar y servicio de cocina.&lt;\/p&gt;\\n","url":"https:\/\/esclaustre.com\/es\/local\/es-claustre\/","address":{"@type":"PostalAddress","streetAddress":"Pati del Claustre del Carme, 50","addressLocality":"Ma\u00f3","addressRegion":"illes balears","postalCode":"07701"},"geo":{"@type":"GeoCoordinates","latitude":39.888632,"longitude":4.266257},"telephone":"654961698","sameAs":"https:\/\/esclaustre.com\/"},"show_map":true,"show_map_link":true,"global_id":"esclaustre.com\/es\/?id=10073","global_id_lineage":["esclaustre.com\/es\/?id=10073"]},"organizer":[{"id":24488,"author":"1","status":"publish","date":"2017-06-10 10:11:28","date_utc":"2017-06-10 08:11:28","modified":"2024-10-03 23:54:59","modified_utc":"2024-10-03 21:54:59","url":"https:\/\/esclaustre.com\/es\/organizador\/82\/","organizer":"ES CLAUSTRE","description":"<p><strong>Es Claustre<\/strong> Espai Cultural a Ma\u00f3. Un espai obert amb un programa cultural divers de festa compartida i cultura viva.<\/p>","excerpt":"<p>Es Claustre Espai Cultural a Ma\u00f3. Un espai obert amb un programa cultural divers de festa compartida i cultura viva. <\/p>","slug":"82","image":{"url":"https:\/\/esclaustre.com\/wp-content\/uploads\/2018\/12\/Terrassa.jpg","id":4634,"extension":"jpg","width":1000,"height":667,"filesize":106029,"sizes":{"woocommerce_thumbnail":{"width":300,"height":300,"mime-type":"image\/jpeg","filesize":18642,"uncropped":false,"url":"https:\/\/esclaustre.com\/wp-content\/uploads\/2018\/12\/Terrassa-300x300.jpg"},"woocommerce_gallery_thumbnail":{"width":100,"height":100,"mime-type":"image\/jpeg","filesize":3473,"url":"https:\/\/esclaustre.com\/wp-content\/uploads\/2018\/12\/Terrassa-100x100.jpg"},"woocommerce_single":{"width":600,"height":400,"mime-type":"image\/jpeg","filesize":44588,"url":"https:\/\/esclaustre.com\/wp-content\/uploads\/2018\/12\/Terrassa-600x400.jpg"},"thumbnail":{"width":150,"height":150,"mime-type":"image\/jpeg","url":"https:\/\/esclaustre.com\/wp-content\/uploads\/2018\/12\/Terrassa-150x150.jpg"},"medium":{"width":300,"height":200,"mime-type":"image\/jpeg","url":"https:\/\/esclaustre.com\/wp-content\/uploads\/2018\/12\/Terrassa-300x200.jpg"},"medium_large":{"width":768,"height":512,"mime-type":"image\/jpeg","url":"https:\/\/esclaustre.com\/wp-content\/uploads\/2018\/12\/Terrassa-768x512.jpg"},"thumb_event":{"width":480,"height":400,"mime-type":"image\/jpeg","url":"https:\/\/esclaustre.com\/wp-content\/uploads\/2018\/12\/Terrassa-480x400.jpg"},"et-pb-post-main-image":{"width":400,"height":250,"mime-type":"image\/jpeg","url":"https:\/\/esclaustre.com\/wp-content\/uploads\/2018\/12\/Terrassa-400x250.jpg"},"et-pb-portfolio-image":{"width":400,"height":284,"mime-type":"image\/jpeg","url":"https:\/\/esclaustre.com\/wp-content\/uploads\/2018\/12\/Terrassa-400x284.jpg"},"et-pb-portfolio-module-image":{"width":510,"height":382,"mime-type":"image\/jpeg","url":"https:\/\/esclaustre.com\/wp-content\/uploads\/2018\/12\/Terrassa-510x382.jpg"},"et-pb-gallery-module-image-portrait":{"width":400,"height":516,"mime-type":"image\/jpeg","url":"https:\/\/esclaustre.com\/wp-content\/uploads\/2018\/12\/Terrassa-400x516.jpg"}}},"phone":"+ 34 654 961 698","website":"https:\/\/esclaustre.com","email":"info@esclaustre.com","json_ld":{"@type":"Person","name":"ES CLAUSTRE","description":"&lt;p&gt;Es Claustre Espai Cultural a Ma\u00f3. Un espai obert amb un programa cultural divers de festa compartida i cultura viva. &lt;\/p&gt;\\n","image":"https:\/\/esclaustre.com\/wp-content\/uploads\/2018\/12\/Terrassa.jpg","url":"https:\/\/esclaustre.com","telephone":"+ 34 654 961 698","email":"in&#102;&#111;&#64;esc&#108;&#97;&#117;&#115;&#116;&#114;e&#46;&#99;&#111;&#109;","sameAs":"https:\/\/esclaustre.com"},"global_id":"esclaustre.com\/es\/?id=24488","global_id_lineage":["esclaustre.com\/es\/?id=24488"]}],"custom_fields":{"_ecp_custom_12":{"label":"Localitzaci\u00f3","value":"Es Claustre"},"_ecp_custom_13":{"label":"Preu","value":"15\u20ac"}},"json_ld":{"@context":"http:\/\/schema.org","@type":"Event","name":"Fran Ramos","description":"&lt;p&gt;\u00abFran Ramos\u00bb presenta Steppin\u2019 Beyond&lt;\/p&gt;\\n&lt;p&gt;Steppin\\' Beyond, \u00e9s el segon treball del saxofonista de jazz valenci\u00e0 Fran Ramos. En aquest segon t\u00edtol, Fran es desperta i torna a n\u00e9ixer per oferir- nos un disc fresc ric en matisos, amb una gran varietat compositiva pr\u00f2pia que abasta estils diversos des del jazz modal fins a una chacarera o fins i tot l\\'afrobeat&lt;\/p&gt;\\n","image":"https:\/\/esclaustre.com\/wp-content\/uploads\/2026\/05\/Fran_Ramos.jpeg","url":"https:\/\/esclaustre.com\/es\/event\/fran-ramos\/","eventAttendanceMode":"https:\/\/schema.org\/OfflineEventAttendanceMode","eventStatus":"https:\/\/schema.org\/EventScheduled","startDate":"2026-06-21T21:00:00+02:00","endDate":"2026-06-21T23:30:00+02:00","location":{"@type":"Place","name":"Es Claustre","description":"&lt;p&gt;\ufeff Es Claustre: espacio cultural situado en el centro de Mah\u00f3n. Conciertos, Terraza, Bar y servicio de cocina.&lt;\/p&gt;\\n","url":"https:\/\/esclaustre.com\/es\/local\/es-claustre\/","address":{"@type":"PostalAddress","streetAddress":"Pati del Claustre del Carme, 50","addressLocality":"Ma\u00f3","addressRegion":"illes balears","postalCode":"07701"},"geo":{"@type":"GeoCoordinates","latitude":39.888632,"longitude":4.266257},"telephone":"654961698","sameAs":"https:\/\/esclaustre.com\/"},"organizer":{"@type":"Person","name":"ES CLAUSTRE","description":"&lt;p&gt;Es Claustre Espai Cultural a Ma\u00f3. Un espai obert amb un programa cultural divers de festa compartida i cultura viva. &lt;\/p&gt;\\n","image":"https:\/\/esclaustre.com\/wp-content\/uploads\/2018\/12\/Terrassa.jpg","url":"https:\/\/esclaustre.com","telephone":"+ 34 654 961 698","email":"i&#110;f&#111;&#64;&#101;s&#99;la&#117;&#115;t&#114;e&#46;com","sameAs":"https:\/\/esclaustre.com"},"offers":{"@type":"Offer","price":"15","priceCurrency":"\u20ac","url":"https:\/\/esclaustre.com\/es\/event\/fran-ramos\/","category":"primary","availability":"inStock","validFrom":"1970-01-01T00:00:00+00:00"},"performer":"Organization"},"is_virtual":false,"virtual_url":null,"virtual_video_source":""}