{"id":32557,"global_id":"esclaustre.com\/es\/?id=32557","global_id_lineage":["esclaustre.com\/es\/?id=32557"],"author":"1","status":"publish","date":"2026-09-05 13:30:23","date_utc":"2026-09-05 11:30:23","modified":"2026-09-05 13:34:49","modified_utc":"2026-09-05 11:34:49","url":"https:\/\/esclaustre.com\/es\/event\/glosat-al-claustre-2\/","rest_url":"https:\/\/esclaustre.com\/es\/wp-json\/tribe\/events\/v1\/events\/32557","title":"Glosat al Claustre","description":"<h2><strong>Nit de Glosat al Claustre amb \u00abSoca de Mots\u00bb<\/strong><\/h2>\n<div class=\"page\" title=\"Page 19\">\n<div class=\"layoutArea\">\n<div class=\"column\">\n<p>Convertit en tradici\u00f3 dins les festes de la <strong>Mareded\u00e9u de Gr\u00e0cia<\/strong> ens retrobarem com cada any <a href=\"https:\/\/esclaustre.com\/es\/\">Es Claustre<\/a> amb les arrels a trav\u00e9s del sentir de les festes de Joan Moll i companyia. Un cop acabi el preg\u00f3, de n&#8217;<strong>Anna Ferrer<\/strong>, la nit de glosat al Claustre ser\u00e0 protagonitzada per <strong>Z\u00e8s Coll<\/strong>, <strong>Sergio Vinent<\/strong>, <strong>Vicen\u00e7 Mar\u00ed<\/strong>, <strong>Joan Moll<\/strong> i <strong>Annabel Villalonga<\/strong>.<\/p>\n<p>L\u2019associaci\u00f3 <a title=\"Soca de Mots\" href=\"http:\/\/www.socademots.blogspot.com\" target=\"_blank\" rel=\"noopener\"><strong>Soca de Mots<\/strong><\/a> va ser creada l\u2019any 1999 amb l\u2019objectiu de recuperar divulgar el g\u00e8nere de la poesia improvisada i formar nous glosadors entre la poblaci\u00f3 m\u00e9s jove.<\/p>\n<p>La feina dels membres de <strong>Soca de Mots<\/strong> per divulgar i preservar la glosa ha fet possible, a m\u00e9s, que la seva actual embranzida no respongui a l\u2019inter\u00e8s per convertir en espectacle aquesta manifestaci\u00f3 de la nostra cultura popular. \u00c9s lloable la seva capacitat de modernitzaci\u00f3, no en el sentit de canviar ritmes o estructures del glosar, sin\u00f3 en el sentit de fer-lo atractiu i viu, per animar joves i no tan joves a introduir-se en un art que combina la m\u00fasica, la paraula, el di\u00e0leg i l\u2019enginy a trav\u00e9s dels cursos i tallers que promouen arreu de l\u2019illa. Una generaci\u00f3 de nous glosadors \u00e9s, sens dubte, la millor garantia del seu futur.<\/p>\n<p>El sentir de les festes de Gr\u00e0cia per Es Claustre va lligat a la llengua i a la cultura popular.<\/p>\n<\/div>\n<p>&nbsp;<\/p>\n<p>*dibuix d\u2019en <strong>Carles Moll<\/strong><\/p>\n<\/div>\n<\/div>","excerpt":"<p>NIt de Glosat al Claustre amb Soca de Mots: Z\u00e8s Coll, Sergio Vinent, Vicen\u00e7 Mar\u00ed, Joan Moll i Annabel Villalonga.\u00a0<\/p>","slug":"glosat-al-claustre-2","image":{"url":"https:\/\/esclaustre.com\/wp-content\/uploads\/2026\/09\/Soca-de-Mots.jpg","id":32552,"extension":"jpg","width":1000,"height":579,"filesize":117590,"sizes":{"medium":{"width":300,"height":174,"mime-type":"image\/jpeg","filesize":24781,"url":"https:\/\/esclaustre.com\/wp-content\/uploads\/2026\/09\/Soca-de-Mots-300x174.jpg"},"thumbnail":{"width":150,"height":150,"mime-type":"image\/jpeg","filesize":11088,"url":"https:\/\/esclaustre.com\/wp-content\/uploads\/2026\/09\/Soca-de-Mots-150x150.jpg"},"medium_large":{"width":768,"height":445,"mime-type":"image\/jpeg","filesize":131227,"url":"https:\/\/esclaustre.com\/wp-content\/uploads\/2026\/09\/Soca-de-Mots-768x445.jpg"}}},"all_day":false,"start_date":"2026-09-06 22:00:00","start_date_details":{"year":"2026","month":"09","day":"06","hour":"22","minutes":"00","seconds":"00"},"end_date":"2026-09-06 23:30:00","end_date_details":{"year":"2026","month":"09","day":"06","hour":"23","minutes":"30","seconds":"00"},"utc_start_date":"2026-09-06 20:00:00","utc_start_date_details":{"year":"2026","month":"09","day":"06","hour":"20","minutes":"00","seconds":"00"},"utc_end_date":"2026-09-06 21:30:00","utc_end_date_details":{"year":"2026","month":"09","day":"06","hour":"21","minutes":"30","seconds":"00"},"timezone":"Europe\/Madrid","timezone_abbr":"CEST","cost":"Gratuito","cost_details":{"currency_symbol":"\u20ac","currency_code":"USD","currency_position":"prefix","values":["0"]},"website":"","show_map":true,"show_map_link":true,"hide_from_listings":false,"sticky":true,"featured":true,"categories":[{"name":"Agenda Menorca","slug":"agenda-menorca-es","term_group":0,"term_taxonomy_id":1424,"taxonomy":"tribe_events_cat","description":"","parent":0,"count":601,"filter":"raw","id":1424,"urls":{"self":"https:\/\/esclaustre.com\/es\/wp-json\/tribe\/events\/v1\/categories\/1424","collection":"https:\/\/esclaustre.com\/es\/wp-json\/tribe\/events\/v1\/categories"}},{"name":"Altres esdeveniments","slug":"altres-esdeveniments-es","term_group":0,"term_taxonomy_id":4152,"taxonomy":"tribe_events_cat","description":"","parent":0,"count":110,"filter":"raw","id":4152,"urls":{"self":"https:\/\/esclaustre.com\/es\/wp-json\/tribe\/events\/v1\/categories\/4152","collection":"https:\/\/esclaustre.com\/es\/wp-json\/tribe\/events\/v1\/categories"}}],"tags":[{"name":"Glosat","slug":"glosat-es","term_group":0,"term_taxonomy_id":1253,"taxonomy":"post_tag","description":"","parent":0,"count":6,"filter":"raw","id":1253,"urls":{"self":"https:\/\/esclaustre.com\/es\/wp-json\/tribe\/events\/v1\/tags\/1253","collection":"https:\/\/esclaustre.com\/es\/wp-json\/tribe\/events\/v1\/tags"}}],"venue":{"id":10073,"author":"1","status":"publish","date":"2017-06-10 10:10:47","date_utc":"2017-06-10 10:10:47","modified":"2020-12-01 18:22:46","modified_utc":"2020-12-01 18:22:46","url":"https:\/\/esclaustre.com\/es\/recinto\/es-claustre\/","venue":"Es Claustre","description":"<p style=\"text-align: center;\"><iframe style=\"border: 0;\" tabindex=\"0\" src=\"https:\/\/www.google.com\/maps\/embed?pb=!1m18!1m12!1m3!1d3061.3595677516805!2d4.264105851719876!3d39.88858119541192!2m3!1f0!2f0!3f0!3m2!1i1024!2i768!4f13.1!3m3!1m2!1s0x12be2870019e5d63%3A0xae935b0eefb3f969!2sEs%20Claustre!5e0!3m2!1sca!2ses!4v1606817715298!5m2!1sca!2ses\" width=\"800\" height=\"650\" frameborder=\"0\" allowfullscreen=\"allowfullscreen\" aria-hidden=\"false\"><span data-mce-type=\"bookmark\" style=\"display: inline-block; width: 0px; overflow: hidden; line-height: 0;\" class=\"mce_SELRES_start\">\ufeff<\/span><\/iframe><\/p>\n<p style=\"text-align: center;\"><span style=\"color: #000000;\"><strong>Es Claustre<\/strong><\/span>: espacio cultural situado en el centro de Mah\u00f3n. Conciertos, Terraza, Bar y servicio de cocina.<\/p>","slug":"es-claustre","address":"Pati del Claustre del Carme, 50","city":"Ma\u00f3","province":"illes balears","zip":"07701","phone":"654961698","website":"https:\/\/esclaustre.com\/","stateprovince":"illes balears","geo_lat":39.888632,"geo_lng":4.266257,"json_ld":{"@type":"Place","name":"Es Claustre","description":"&lt;p&gt;\ufeff Es Claustre: espacio cultural situado en el centro de Mah\u00f3n. Conciertos, Terraza, Bar y servicio de cocina.&lt;\/p&gt;\\n","url":"https:\/\/esclaustre.com\/es\/recinto\/es-claustre\/","address":{"@type":"PostalAddress","streetAddress":"Pati del Claustre del Carme, 50","addressLocality":"Ma\u00f3","addressRegion":"illes balears","postalCode":"07701"},"geo":{"@type":"GeoCoordinates","latitude":39.888632,"longitude":4.266257},"telephone":"654961698","sameAs":"https:\/\/esclaustre.com\/"},"show_map":true,"show_map_link":true,"global_id":"esclaustre.com\/es\/?id=10073","global_id_lineage":["esclaustre.com\/es\/?id=10073"]},"organizer":[{"id":24488,"author":"1","status":"publish","date":"2017-06-10 10:11:28","date_utc":"2017-06-10 08:11:28","modified":"2024-10-03 23:54:59","modified_utc":"2024-10-03 21:54:59","url":"https:\/\/esclaustre.com\/es\/organizador\/82\/","organizer":"ES CLAUSTRE","description":"<p><strong>Es Claustre<\/strong> Espai Cultural a Ma\u00f3. Un espai obert amb un programa cultural divers de festa compartida i cultura viva.<\/p>","excerpt":"<p>Es Claustre Espai Cultural a Ma\u00f3. Un espai obert amb un programa cultural divers de festa compartida i cultura viva. <\/p>","slug":"82","image":{"url":"https:\/\/esclaustre.com\/wp-content\/uploads\/2018\/12\/Terrassa.jpg","id":4634,"extension":"jpg","width":1000,"height":667,"filesize":106029,"sizes":{"woocommerce_thumbnail":{"width":300,"height":300,"mime-type":"image\/jpeg","filesize":18642,"uncropped":false,"url":"https:\/\/esclaustre.com\/wp-content\/uploads\/2018\/12\/Terrassa-300x300.jpg"},"woocommerce_gallery_thumbnail":{"width":100,"height":100,"mime-type":"image\/jpeg","filesize":3473,"url":"https:\/\/esclaustre.com\/wp-content\/uploads\/2018\/12\/Terrassa-100x100.jpg"},"woocommerce_single":{"width":600,"height":400,"mime-type":"image\/jpeg","filesize":44588,"url":"https:\/\/esclaustre.com\/wp-content\/uploads\/2018\/12\/Terrassa-600x400.jpg"},"thumbnail":{"width":150,"height":150,"mime-type":"image\/jpeg","url":"https:\/\/esclaustre.com\/wp-content\/uploads\/2018\/12\/Terrassa-150x150.jpg"},"medium":{"width":300,"height":200,"mime-type":"image\/jpeg","url":"https:\/\/esclaustre.com\/wp-content\/uploads\/2018\/12\/Terrassa-300x200.jpg"},"medium_large":{"width":768,"height":512,"mime-type":"image\/jpeg","url":"https:\/\/esclaustre.com\/wp-content\/uploads\/2018\/12\/Terrassa-768x512.jpg"},"thumb_event":{"width":480,"height":400,"mime-type":"image\/jpeg","url":"https:\/\/esclaustre.com\/wp-content\/uploads\/2018\/12\/Terrassa-480x400.jpg"},"et-pb-post-main-image":{"width":400,"height":250,"mime-type":"image\/jpeg","url":"https:\/\/esclaustre.com\/wp-content\/uploads\/2018\/12\/Terrassa-400x250.jpg"},"et-pb-portfolio-image":{"width":400,"height":284,"mime-type":"image\/jpeg","url":"https:\/\/esclaustre.com\/wp-content\/uploads\/2018\/12\/Terrassa-400x284.jpg"},"et-pb-portfolio-module-image":{"width":510,"height":382,"mime-type":"image\/jpeg","url":"https:\/\/esclaustre.com\/wp-content\/uploads\/2018\/12\/Terrassa-510x382.jpg"},"et-pb-gallery-module-image-portrait":{"width":400,"height":516,"mime-type":"image\/jpeg","url":"https:\/\/esclaustre.com\/wp-content\/uploads\/2018\/12\/Terrassa-400x516.jpg"}}},"phone":"+ 34 654 961 698","website":"https:\/\/esclaustre.com","email":"info@esclaustre.com","json_ld":{"@type":"Person","name":"ES CLAUSTRE","description":"&lt;p&gt;Es Claustre Espai Cultural a Ma\u00f3. Un espai obert amb un programa cultural divers de festa compartida i cultura viva. &lt;\/p&gt;\\n","image":"https:\/\/esclaustre.com\/wp-content\/uploads\/2018\/12\/Terrassa.jpg","url":"https:\/\/esclaustre.com","telephone":"+ 34 654 961 698","email":"i&#110;fo&#64;&#101;&#115;c&#108;a&#117;s&#116;&#114;e.&#99;o&#109;","sameAs":"https:\/\/esclaustre.com"},"global_id":"esclaustre.com\/es\/?id=24488","global_id_lineage":["esclaustre.com\/es\/?id=24488"]}],"custom_fields":{"_ecp_custom_12":{"label":"Localitzaci\u00f3","value":"Es Claustre"},"_ecp_custom_13":{"label":"Preu","value":"Gratu\u00eft"}},"json_ld":{"@context":"http:\/\/schema.org","@type":"Event","name":"Glosat al Claustre","description":"&lt;p&gt;NIt de Glosat al Claustre amb Soca de Mots: Z\u00e8s Coll, Sergio Vinent, Vicen\u00e7 Mar\u00ed, Joan Moll i Annabel Villalonga.\u00a0&lt;\/p&gt;\\n","image":"https:\/\/esclaustre.com\/wp-content\/uploads\/2026\/09\/Soca-de-Mots.jpg","url":"https:\/\/esclaustre.com\/es\/event\/glosat-al-claustre-2\/","eventAttendanceMode":"https:\/\/schema.org\/OfflineEventAttendanceMode","eventStatus":"https:\/\/schema.org\/EventScheduled","startDate":"2026-09-06T22:00:00+02:00","endDate":"2026-09-06T23:30:00+02:00","location":{"@type":"Place","name":"Es Claustre","description":"&lt;p&gt;\ufeff Es Claustre: espacio cultural situado en el centro de Mah\u00f3n. Conciertos, Terraza, Bar y servicio de cocina.&lt;\/p&gt;\\n","url":"https:\/\/esclaustre.com\/es\/recinto\/es-claustre\/","address":{"@type":"PostalAddress","streetAddress":"Pati del Claustre del Carme, 50","addressLocality":"Ma\u00f3","addressRegion":"illes balears","postalCode":"07701"},"geo":{"@type":"GeoCoordinates","latitude":39.888632,"longitude":4.266257},"telephone":"654961698","sameAs":"https:\/\/esclaustre.com\/"},"organizer":{"@type":"Person","name":"ES CLAUSTRE","description":"&lt;p&gt;Es Claustre Espai Cultural a Ma\u00f3. Un espai obert amb un programa cultural divers de festa compartida i cultura viva. &lt;\/p&gt;\\n","image":"https:\/\/esclaustre.com\/wp-content\/uploads\/2018\/12\/Terrassa.jpg","url":"https:\/\/esclaustre.com","telephone":"+ 34 654 961 698","email":"in&#102;o&#64;escl&#97;ustr&#101;.&#99;&#111;m","sameAs":"https:\/\/esclaustre.com"},"offers":{"@type":"Offer","price":"0","priceCurrency":"USD","url":"https:\/\/esclaustre.com\/es\/event\/glosat-al-claustre-2\/","category":"primary","availability":"inStock","validFrom":"1970-01-01T00:00:00+00:00"},"performer":"Organization"},"is_virtual":false,"virtual_url":null,"virtual_video_source":""}