{"id":12813,"date":"2021-07-12T13:21:56","date_gmt":"2021-07-12T13:21:56","guid":{"rendered":"https:\/\/esclaustre.com\/12807\/"},"modified":"2021-10-13T14:04:50","modified_gmt":"2021-10-13T14:04:50","slug":"cinema-documental-mirades","status":"publish","type":"post","link":"https:\/\/esclaustre.com\/es\/cinema-documental-mirades\/","title":{"rendered":"Cinema documental \u00abMirades\u00bb"},"content":{"rendered":"<h2><strong>Cinema documental a Es Claustre<\/strong><\/h2>\n<p>Cada dilluns de juliol i agost s&#8217;obre una pantalla al m\u00f3n per debatre i reflexionar sobre problem\u00e0tiques socials que agafen cos en les nostres societats. Tamb\u00e9 hi t\u00e9 un paper destacat l\u2019animaci\u00f3, amb fins a quatre pel\u00b7l\u00edcules de dibuix.<\/p>\n<p><strong>\u00abMirades\u00bb<\/strong> \u00e9s el cicle de cinema intercultural en catal\u00e0 coorganitzat per l\u2019<strong>Ajuntament de Ma\u00f3<\/strong>, el <strong>Consell Insular de Menorca<\/strong>, l\u2019<strong>Associaci\u00f3 Mem\u00f2ries de Menorca<\/strong> i el <strong>Fons de Cooperaci\u00f3 Menorqu\u00ed<\/strong>. Aquest any tamb\u00e9 hi ha col\u00b7laborat l\u2019associaci\u00f3 <strong>Filosa<\/strong>.<\/p>\n<p>Les entrades poden adquirir-se a taquilla a\u00a03 euros per sessi\u00f3. Tot el programa el podeu consultar <a href=\"https:\/\/esclaustre.com\/wp-content\/uploads\/2021\/07\/PROGRAMA-CINEMA-2021-xarxes-mirades_compressed.pdf\">aqu\u00ed<\/a><\/p>\n<h2><strong>El cicle \u00abMirades\u00bb a Es Claustre<br \/>\n<\/strong><\/h2>\n<p>El programa d\u2019aquest any de \u00abMirades\u00bb \u00e9s m\u00e9s ambici\u00f3s que mai, el cicle va agafant solidesa i s\u2019animen tamb\u00e9 a convidar directors de fora. Preneu nota de les pel\u00b7l\u00edcules que s\u2019hi projectaran:<\/p>\n<p><strong>BLACK IS BELTZA<br \/>\n<\/strong>5 de juliol \u00b7 22 hores<br \/>\nFerm\u00edn Muguruza, 2018, 87 min. Espanya.<br \/>\nOctubre de 1965. La comparsa de gegants de Pamplona \u00e9s convidada a desfilar en la Quina Avinguda de Nova York, per\u00f2 no tots podran sortir a causa de la discriminaci\u00f3 racial de les autoritats nord-americanes, que prohibeixen la participaci\u00f3 dels dos gegants negres. A partir d\u2019aquest fet real, el film narra la hist\u00f2ria de Manex, un mosso encarregat de portar un dels gegants que viur\u00e0 una aventura en qu\u00e8 veur\u00e0 de primera m\u00e0 fets claus de la hist\u00f2ria recent com els disturbis racials derivats de l\u2019assassinat de Malcom X, l\u2019alian\u00e7a dels serveis secrets cubans i els Black Panthers i la psicod\u00e8lia hippie dels primers festivals de m\u00fasica.<\/p>\n<p><strong>L\u2019ULL IMPERATIU<\/strong><br \/>\n12 de juliol \u00b7 22 hores<br \/>\nMar\u00eda Ruido, 2015, 63 min. Marroc; Espanya.<br \/>\nEl film \u00e9s un assaig visual sobre el colonialisme (i el neocolonialisme) espanyol al Marroc i una reflexi\u00f3 transversal sobre el paper que el r\u00e8gim de la visualitat adquireix dins els processos colonials i neocolonials, entesos no \u00fanicament com a formes d\u2019explotaci\u00f3 pol\u00edtica i econ\u00f2mica sin\u00f3 com un pensament \u2018abismal\u2019 que domina el sistema-m\u00f3n.<br \/>\nOrganitza: Filosa<\/p>\n<p><strong>NACI\u00d3N<\/strong><br \/>\n19 de juliol \u00b7 21.30 hores<br \/>\nMargarita Ledo, 2020, 92 min. Espanya<br \/>\n<em>Amb la presentaci\u00f3 a c\u00e0rrec de la directora<br \/>\n<\/em>S\u2019ha parlat molt de la lluita obrera, per\u00f2 poques vegades s\u2019ha mostrat a la gran pantalla all\u00f2 d\u2019espec\u00edfic que t\u00e9 aquesta lluita per a les dones: l\u2019obertura al m\u00f3n que va suposar la incorporaci\u00f3 al treball. A trav\u00e9s d\u2019en\u00e8rgiques i carism\u00e0tiques dones de la f\u00e0brica de cer\u00e0mica de A Pontesa, la directora construeix un relat emocionant, combatiu i po\u00e8tic d\u2019una lluita inacabada.<\/p>\n<p><strong>ELS GUARDIANS DE LA NIT: EL TREN INFINIT<\/strong><br \/>\n26 de juliol \u00b7 22 hores<br \/>\nHaruo Sotozaki, 2020, 117 min. Jap\u00f3. A partir de 16 anys<br \/>\n\u00c9s una pel\u00b7l\u00edcula d\u2019anime japonesa basada en la s\u00e8rie de manga <em>Sh\u00f6nen Kimetsu no Yaiba<\/em> i tracta sobre la missi\u00f3 d\u2019en Tanjiro i els seus companys al Tren de l\u2019Infinit, on m\u00e9s de 40 persones han desaparegut en un per\u00edode molt curt de temps. Aquests, s\u2019uniran als espadatxins m\u00e9s poderosos entre els membres del Cos de Matadimonis, amb el prop\u00f2sit de fer front al dimoni a bord del Tren de l\u2019Infinit.<\/p>\n<p><strong>3.000 NITS<br \/>\n<\/strong>2 d\u2019agost \u00b7 22 hores<br \/>\nMai Masri, 2017, 103 min. Jord\u00e0nia<br \/>\nInspirada en una hist\u00f2ria real i rodada en una pres\u00f3, 3.000 nits explica la hist\u00f2ria, en la vig\u00edlia de la massacre de Sabra i Shatila, d\u2019una jove mestra palestina, Layal, que va ser detinguda sota falses acusacions i empresonada en una pres\u00f3 israeliana on va donar a llum al seu fill. A trav\u00e9s de la seva lluita per pujar el seu fill darrere els barrots, la pel\u00b7l\u00edcula tra\u00e7a el viatge d\u2019una jove mare plena d\u2019esperan\u00e7a, resili\u00e8ncia i superviv\u00e8ncia contra tot pron\u00f2stic.<br \/>\nOrganitza: Fons Menorqu\u00ed de Cooperaci\u00f3<\/p>\n<p><strong>GAS THE ARABS<\/strong><br \/>\n9 d\u2019agost \u00b7 21.30 hores<br \/>\nCarles Bover, 2017, 64 min. Espanya<br \/>\n<em>Amb la presentaci\u00f3 a c\u00e0rrec del director<br \/>\n<\/em>Despr\u00e9s de la darrera agressi\u00f3 d\u2019Israel sobre la Franja de Gaza, la realitat del conflicte desapareix dels mitjans de comunicaci\u00f3. El documental \u00e9s un crit per combatre aquest oblit, un viatge que recorre diferents ciutats amb la mirada posada al drama diari que pateixen totes les persones que viuen als territoris ocupats de Gaza i Cisjord\u00e0nia, on la vulneraci\u00f3 dels drets humans i la situaci\u00f3 de bloqueig \u00e9s sistem\u00e0tica.<\/p>\n<p><iframe title=\"YouTube video player\" src=\"https:\/\/www.youtube.com\/embed\/DnAPqNIXQgA\" width=\"730\" height=\"430\" frameborder=\"0\" allowfullscreen=\"allowfullscreen\" data-mce-fragment=\"1\"><\/iframe><\/p>\n<p><strong>PULLMAN<\/strong><br \/>\n16 d\u2019agost \u00b7 21.30 hores<br \/>\nToni Bestard, 2019, 70 min. Espanya<br \/>\n<em>Amb la presentaci\u00f3 a c\u00e0rrec del director<br \/>\n<\/em>Dos infants, N\u00e0dia i Daren, viuen un viatge inici\u00e0tic durant el seu primer dia de vacances d\u2019estiu. Des dels apartaments Pullman, on resideixen, fins a una famosa zona d\u2019oci nocturn de Mallorca que reflecteix el turisme<em> low cost<\/em>, els infants viuran situacions que els acompanyaran per sempre en el seu viatge cap a la vida adulta.<\/p>\n<p><strong>JOSEP<\/strong><br \/>\n23 d\u2019agost \u00b7 21.30 hores<br \/>\nAur\u00e9lien Froment, 2020, 81 min. Fran\u00e7a<br \/>\n<em>Amb la presentaci\u00f3 a c\u00e0rrec del director<br \/>\n<\/em>Febrer de 1939. Aclaparat per l\u2019onada de republicans que fugen de la repressi\u00f3 de Franco, el govern franc\u00e8s opta per confinar-los en camps de concentraci\u00f3. En un d\u2019aquests camps, dues persones separades per un filferro espin\u00f3s traven una amistat. Un d\u2019ells \u00e9s Josep Bartol\u00ed, un dibuixant que lluita contra el r\u00e8gim de Franco.<br \/>\nOrganitza: Consell Insular de Menorca i Mem\u00f2ries de Menorca<\/p>\n<p><iframe title=\"YouTube video player\" src=\"https:\/\/www.youtube.com\/embed\/5eJuaOfBtnA\" width=\"730\" height=\"430\" frameborder=\"0\" allowfullscreen=\"allowfullscreen\" data-mce-fragment=\"1\"><\/iframe><\/p>\n<p><strong>EL DETECTIU CONAN: LA BALA ESCARLATA<\/strong><br \/>\n30 d\u2019agost \u00b7 21.30 hores<br \/>\nTomoka Nagaoka, 2021, 92 min. Jap\u00f3. A partir de 7 anys<br \/>\nJap\u00f3 celebra l\u2019imminent inici dels World Sports Games, l\u2019esdeveniment esportiu m\u00e9s gran del m\u00f3n. L\u2019anomenat Japanese Bullet, un tren d\u2019\u00faltima generaci\u00f3, ha de comen\u00e7ar a l\u2019estaci\u00f3 de Shin Nagoya i acabat a l\u2019estaci\u00f3 central de Tokio, a uns 1.000 quil\u00f2metres per hora. No obstant, un estrany accident t\u00e9 lloc a la festa d\u2019un dels majors sponsors publicitaris, el que porta al segrest d\u2019alguns executius m\u00e9s importants de la companyia. Conen lliga caps i sospita que l\u2019incident podr\u00eda tenir a veure amb l\u2019ocorregut 15 anys abans a Boston.<\/p>\n<p>&nbsp;<\/p>\n<h3><strong>CICLE DE CINEMA INTERCULTURAL<\/strong><\/h3>\n<p>Aquest cicle de cinema vol posar en valor la diversitat cultural i promoure les relacions interculturals, com a forma de complir el nov\u00e8 dels compromisos pels quals la ciutat de Ma\u00f3 forma part de la <strong>Coalici\u00f3 Europea Contra el Racisme<\/strong>.<\/p>\n<p>Un Cicle documental amb el suport de la Regidoria de Pol\u00edtica Ling\u00fc\u00edstica de l\u2019<a href=\"http:\/\/www.ajmao.org\" target=\"_blank\" rel=\"noopener\">Ajuntament de Ma\u00f3<\/a>.<\/p>\n<p>&nbsp;<\/p>\n","protected":false},"excerpt":{"rendered":"<p>Cinema documental \u00abMirades\u00bb Es Claustre: Cada dilluns de juliol i agost s&#8217;obre una pantalla al m\u00f3n per debatre i reflexionar sobre problem\u00e0tiques socials que agafen cos en les nostres societats. Tamb\u00e9 hi t\u00e9 un paper destacat l\u2019animaci\u00f3, amb fins a quatre pel\u00b7l\u00edcules de dibuix.<\/p>\n","protected":false},"author":1,"featured_media":12811,"comment_status":"open","ping_status":"open","sticky":false,"template":"","format":"standard","meta":{"_acf_changed":false,"footnotes":""},"categories":[17],"tags":[1646,2331,118,2292,1358,2332],"class_list":["post-12813","post","type-post","status-publish","format-standard","has-post-thumbnail","hentry","category-sin-categorizar","tag-cinema-es","tag-debat-es","tag-documental-es","tag-mirades-es","tag-mon-actual-es","tag-reflexions-es"],"acf":[],"_links":{"self":[{"href":"https:\/\/esclaustre.com\/es\/wp-json\/wp\/v2\/posts\/12813","targetHints":{"allow":["GET"]}}],"collection":[{"href":"https:\/\/esclaustre.com\/es\/wp-json\/wp\/v2\/posts"}],"about":[{"href":"https:\/\/esclaustre.com\/es\/wp-json\/wp\/v2\/types\/post"}],"author":[{"embeddable":true,"href":"https:\/\/esclaustre.com\/es\/wp-json\/wp\/v2\/users\/1"}],"replies":[{"embeddable":true,"href":"https:\/\/esclaustre.com\/es\/wp-json\/wp\/v2\/comments?post=12813"}],"version-history":[{"count":0,"href":"https:\/\/esclaustre.com\/es\/wp-json\/wp\/v2\/posts\/12813\/revisions"}],"wp:featuredmedia":[{"embeddable":true,"href":"https:\/\/esclaustre.com\/es\/wp-json\/wp\/v2\/media\/12811"}],"wp:attachment":[{"href":"https:\/\/esclaustre.com\/es\/wp-json\/wp\/v2\/media?parent=12813"}],"wp:term":[{"taxonomy":"category","embeddable":true,"href":"https:\/\/esclaustre.com\/es\/wp-json\/wp\/v2\/categories?post=12813"},{"taxonomy":"post_tag","embeddable":true,"href":"https:\/\/esclaustre.com\/es\/wp-json\/wp\/v2\/tags?post=12813"}],"curies":[{"name":"wp","href":"https:\/\/api.w.org\/{rel}","templated":true}]}}