{"id":13924,"date":"2021-10-14T08:57:38","date_gmt":"2021-10-14T08:57:38","guid":{"rendered":"https:\/\/esclaustre.com\/anna-ferrer-inaugura-fira-mediterrania\/"},"modified":"2021-10-14T09:05:24","modified_gmt":"2021-10-14T09:05:24","slug":"anna-ferrer-inaugura-fira-mediterrania","status":"publish","type":"post","link":"https:\/\/esclaustre.com\/es\/anna-ferrer-inaugura-fira-mediterrania\/","title":{"rendered":"Anna Ferrer inaugura la Fira Mediterr\u00e0nia a Manresa"},"content":{"rendered":"<div class=\"performance-header-left-top\">\n<div class=\"performance-date-and-location\">\n<div class=\"performance\">\n<div class=\"performance-date\">\n<div class=\"date\">\n<div class=\"performance-header-left-top\">\n<div class=\"performance-date-and-location\">\n<div class=\"performance\">\n<div class=\"performance-date\">\n<div class=\"date\">\n<div class=\"performance-header-left-top\">\n<div class=\"performance-date-and-location\">\n<div class=\"performance\">\n<div class=\"performance-date\">\n<div class=\"date\">jueves, 14 octubre, 21:00<\/div>\n<\/div>\n<div class=\"performance-location\">Teatre Kursaal. Sala gran<\/div>\n<\/div>\n<\/div>\n<h2 class=\"artist-name\">ORQUESTRA DE M\u00daSIQUES D&#8217;ARREL DE CATALUNYA<\/h2>\n<div class=\"performance-name\">\n<div>TRENCAD\u00cdS<\/div>\n<\/div>\n<div class=\"artist-origin\">(Catalu\u00f1a\/Illes Balears)<\/div>\n<div class=\"performance-badges\">\n<div class=\"performance-badge small-text badge-release wide\"><span class=\"\">ESTRENO ABSOLUTO<\/span><\/div>\n<div class=\"performance-badge small-text badge-popular wide\"><span class=\"small-text\">ESPECT\u00c1CULO INAUGURAL<\/span><\/div>\n<div class=\"performance-badge small-text badge-popular wide\"><span class=\"small-text\">M\u00daSICAS DEL MUNDO &amp; FOLK<\/span><\/div>\n<\/div>\n<\/div>\n<div class=\"performance-header-left-bottom\">\n<div class=\"performance-additional-info\">\n<div>\n<p>Coproducci\u00f3n: FIRA MEDITERR\u00c0NIA DE MANRESA, AYUNTAMIENTO DE SANT CUGAT DEL VALL\u00c8S, AYUNTAMIENTO DE TARRAGONA, AYUNTAMIENTO DE VILAFRANCA DEL PENED\u00c8S, LA MARF\u00c0 &#8211; CENTRE DE CREACI\u00d3 MUSICAL, OLOT CULTURA, CENTRE ARTES\u00c0 TRADICION\u00c0RIUS\u00a0 y TRANSVERSAL &#8211; XARXA D\u2019ACTIVITATS CULTURALS<\/p>\n<p>OBRADOR DE RA\u00cdZ 2021<\/p>\n<p><strong>COMPOSITOR Y DIRECTOR<\/strong> Daniel L\u00f3pez<\/p>\n<p><strong>CANTANTE<\/strong> Anna Ferrer<\/p>\n<p>La <strong>OMAC <\/strong>es una formaci\u00f3n orquestal integrada por treinta y un m\u00fasicos j\u00f3venes, con una t\u00edmbrica atractiva y sorprendente, nacida con esp\u00edritu de innovaci\u00f3n y experimentaci\u00f3n y con la voluntad de hacer llegar a nuevos p\u00fablicos creaciones originales de calidad del \u00e1mbito de la m\u00fasica catalana de ra\u00edz. En Manresa se estrena con un concierto de nueva creaci\u00f3n firmado por el joven compositor de Olot <strong>Daniel L\u00f3pez<\/strong> a partir de poes\u00eda post-contempor\u00e1nea en lengua catalana.<\/p>\n<\/div>\n<\/div>\n<\/div>\n<\/div>\n<\/div>\n<\/div>\n<\/div>\n<\/div>\n<div class=\"performance-header-left-bottom\">\n<div class=\"performance-additional-info\">\n<p>&nbsp;<\/p>\n<p><iframe title=\"YouTube video player\" src=\"https:\/\/www.youtube.com\/embed\/2YZ8whDWm0s\" width=\"560\" height=\"315\" frameborder=\"0\" allowfullscreen=\"allowfullscreen\"><\/iframe><\/p>\n<\/div>\n<\/div>\n<\/div>\n<\/div>\n<\/div>\n<\/div>\n<\/div>\n<p>&nbsp;<\/p>\n<p>&nbsp;<\/p>\n","protected":false},"excerpt":{"rendered":"<p>Trencad\u00eds. Dijous 14. Estrena absoluta. Espectacle inaugural. L\u2019Orquestra de M\u00fasiques d\u2019Arrel de Catalunya, una formaci\u00f3 creada fa poc, amb trenta-un m\u00fasics, entre els quals hi ha tenores, una viola de roda, trompetes, acordions diat\u00f2nics, violes, un tible, una dol\u00e7aina, fiscorn, una guitarra i m\u00e9s instruments. Tots sota la direcci\u00f3 del compositor olot\u00ed Daniel L\u00f3pez i acompanyats de la veu de la menorquina Anna Ferrer. <\/p>\n","protected":false},"author":1,"featured_media":13919,"comment_status":"open","ping_status":"open","sticky":false,"template":"","format":"standard","meta":{"_acf_changed":false,"footnotes":""},"categories":[1982,716,17],"tags":[988,2610,2611,211],"class_list":["post-13924","post","type-post","status-publish","format-standard","has-post-thumbnail","hentry","category-arxiu-de-continguts-audiovisuals-videoclips-o-entrevistres-enregistrades-es","category-blog-es","category-sin-categorizar","tag-catalunya-es","tag-fira-mediterrania-es","tag-manresa-es","tag-menorca-es"],"acf":[],"_links":{"self":[{"href":"https:\/\/esclaustre.com\/es\/wp-json\/wp\/v2\/posts\/13924","targetHints":{"allow":["GET"]}}],"collection":[{"href":"https:\/\/esclaustre.com\/es\/wp-json\/wp\/v2\/posts"}],"about":[{"href":"https:\/\/esclaustre.com\/es\/wp-json\/wp\/v2\/types\/post"}],"author":[{"embeddable":true,"href":"https:\/\/esclaustre.com\/es\/wp-json\/wp\/v2\/users\/1"}],"replies":[{"embeddable":true,"href":"https:\/\/esclaustre.com\/es\/wp-json\/wp\/v2\/comments?post=13924"}],"version-history":[{"count":0,"href":"https:\/\/esclaustre.com\/es\/wp-json\/wp\/v2\/posts\/13924\/revisions"}],"wp:featuredmedia":[{"embeddable":true,"href":"https:\/\/esclaustre.com\/es\/wp-json\/wp\/v2\/media\/13919"}],"wp:attachment":[{"href":"https:\/\/esclaustre.com\/es\/wp-json\/wp\/v2\/media?parent=13924"}],"wp:term":[{"taxonomy":"category","embeddable":true,"href":"https:\/\/esclaustre.com\/es\/wp-json\/wp\/v2\/categories?post=13924"},{"taxonomy":"post_tag","embeddable":true,"href":"https:\/\/esclaustre.com\/es\/wp-json\/wp\/v2\/tags?post=13924"}],"curies":[{"name":"wp","href":"https:\/\/api.w.org\/{rel}","templated":true}]}}