{"id":7735,"date":"2020-06-17T21:30:33","date_gmt":"2020-06-17T21:30:33","guid":{"rendered":"https:\/\/esclaustre.com\/felip-ariza\/"},"modified":"2020-06-18T21:28:50","modified_gmt":"2020-06-18T21:28:50","slug":"felip-ariza","status":"publish","type":"post","link":"https:\/\/esclaustre.com\/es\/felip-ariza\/","title":{"rendered":"Felip Ariza"},"content":{"rendered":"<p><span style=\"color: #000000;\"><strong>Felip Ariza<\/strong><\/span> ens dibuixa Es Claustre 2020<\/p>\n<p><span style=\"color: #000000;\">Felip Ariza<\/span> nascut a la ciutat de Barcelona l&#8217;any 1982, d&#8217;\u00e0via maonesa. Despr\u00e9s de llicenciar-se en periodisme i excercir la professi\u00f3 a la capital catalana i tamb\u00e9 durant 7 anys a Menorca, actualment viu a Palma, a Mallorca.\u00a0Es dedica plenament a la il\u00b7lustraci\u00f3, b\u00e0sicament en el sector de la premsa escrita i digital en mitjans d&#8217;arreu de l&#8217;Estat Espanyol. Es considera un apassionat de la il\u00b7lustraci\u00f3 gr\u00e0fica, del dibuix mitjan\u00e7ant la l\u00ednia, aix\u00ed com tamb\u00e9 de la perspectiva isiom\u00e8trica amb la que ha fet la il\u00b7lustraci\u00f3 per el programa d&#8217;<span style=\"color: #000000;\"><strong>Es Claustre<\/strong><\/span>. A Menorca col\u00b7labora en cada edici\u00f3 de la revista <a href=\"https:\/\/www.apuntmenorca.com\" target=\"_blank\" rel=\"noopener\">Apunt<\/a> i tamb\u00e9 \u00e9s autor de cartell del Consell pels <a href=\"https:\/\/www.felipariza.com\/portfolio_page\/25-aniversario-reserva-de-biosfera-de-menorca\/\" target=\"_blank\" rel=\"noopener\">25 anys<\/a> de la Reserva de la Biosfera.<\/p>\n<p><a href=\"https:\/\/www.felipariza.com\" target=\"_blank\" rel=\"noopener\">www.felipariza.com<\/a><\/p>\n<p>&nbsp;<\/p>\n<p>&nbsp;<\/p>\n<p><img fetchpriority=\"high\" decoding=\"async\" class=\"aligncenter size-full wp-image-7706\" src=\"https:\/\/esclaustre.com\/wp-content\/uploads\/2020\/06\/Cartell2020_Felip_Ariza.jpg\" alt=\"Felip_Ariza\" width=\"1000\" height=\"1406\" title=\"\" srcset=\"https:\/\/esclaustre.com\/wp-content\/uploads\/2020\/06\/Cartell2020_Felip_Ariza.jpg 1000w, https:\/\/esclaustre.com\/wp-content\/uploads\/2020\/06\/Cartell2020_Felip_Ariza-600x844.jpg 600w, https:\/\/esclaustre.com\/wp-content\/uploads\/2020\/06\/Cartell2020_Felip_Ariza-213x300.jpg 213w, https:\/\/esclaustre.com\/wp-content\/uploads\/2020\/06\/Cartell2020_Felip_Ariza-768x1080.jpg 768w, https:\/\/esclaustre.com\/wp-content\/uploads\/2020\/06\/Cartell2020_Felip_Ariza-728x1024.jpg 728w\" sizes=\"(max-width: 1000px) 100vw, 1000px\" \/><\/p>\n<p>&nbsp;<\/p>\n","protected":false},"excerpt":{"rendered":"<p>Felip Ariza ens dibuixa Es Claustre 2020 <\/p>\n","protected":false},"author":1,"featured_media":7708,"comment_status":"open","ping_status":"open","sticky":false,"template":"","format":"standard","meta":{"_acf_changed":false,"footnotes":""},"categories":[17],"tags":[1450,129,211],"class_list":["post-7735","post","type-post","status-publish","format-standard","has-post-thumbnail","hentry","category-sin-categorizar","tag-illustracio-es","tag-mallorca-es","tag-menorca-es"],"acf":[],"_links":{"self":[{"href":"https:\/\/esclaustre.com\/es\/wp-json\/wp\/v2\/posts\/7735","targetHints":{"allow":["GET"]}}],"collection":[{"href":"https:\/\/esclaustre.com\/es\/wp-json\/wp\/v2\/posts"}],"about":[{"href":"https:\/\/esclaustre.com\/es\/wp-json\/wp\/v2\/types\/post"}],"author":[{"embeddable":true,"href":"https:\/\/esclaustre.com\/es\/wp-json\/wp\/v2\/users\/1"}],"replies":[{"embeddable":true,"href":"https:\/\/esclaustre.com\/es\/wp-json\/wp\/v2\/comments?post=7735"}],"version-history":[{"count":0,"href":"https:\/\/esclaustre.com\/es\/wp-json\/wp\/v2\/posts\/7735\/revisions"}],"wp:featuredmedia":[{"embeddable":true,"href":"https:\/\/esclaustre.com\/es\/wp-json\/wp\/v2\/media\/7708"}],"wp:attachment":[{"href":"https:\/\/esclaustre.com\/es\/wp-json\/wp\/v2\/media?parent=7735"}],"wp:term":[{"taxonomy":"category","embeddable":true,"href":"https:\/\/esclaustre.com\/es\/wp-json\/wp\/v2\/categories?post=7735"},{"taxonomy":"post_tag","embeddable":true,"href":"https:\/\/esclaustre.com\/es\/wp-json\/wp\/v2\/tags?post=7735"}],"curies":[{"name":"wp","href":"https:\/\/api.w.org\/{rel}","templated":true}]}}