{"id":8357,"date":"2020-07-13T15:17:06","date_gmt":"2020-07-13T15:17:06","guid":{"rendered":"https:\/\/esclaustre.com\/acte-iii-compromis-estrella-damm-2020\/"},"modified":"2020-07-15T11:41:10","modified_gmt":"2020-07-15T11:41:10","slug":"acte-iii-compromis-estrella-damm-2020","status":"publish","type":"post","link":"https:\/\/esclaustre.com\/es\/acte-iii-compromis-estrella-damm-2020\/","title":{"rendered":"Acte III Comprom\u00eds. Estrella Damm 2020"},"content":{"rendered":"<p><span style=\"color: #000000;\"><span class=\"style-scope yt-formatted-string\" dir=\"auto\">Arriba el nou <\/span><a class=\"yt-simple-endpoint style-scope yt-formatted-string\" dir=\"auto\" spellcheck=\"false\" href=\"https:\/\/www.youtube.com\/results?search_query=%23Mediterr%C3%A0niament\" target=\"_blank\" rel=\"noopener\">#Mediterr\u00e0niament<\/a><span class=\"style-scope yt-formatted-string\" dir=\"auto\">: Acte III. Comprom\u00eds.<\/span><\/span><\/p>\n<p><span style=\"color: #000000;\"><strong>Joan Daus\u00e0<\/strong> ft. <strong>Magal\u00ed Sare<\/strong> \u00abUna altra manera de viure &#8211; <a href=\"https:\/\/www.estrelladamm.com\/ca\" target=\"_blank\" rel=\"noopener\">Estrella Damm<\/a> 2020\u201d Producci\u00f3 musical de Soundtree Music. Coreografia de Ryan Heffington. Ballarins: Emma Evelin, Julia Sanz, Tania Garrido, Fabian Thorme, Nuria Guiu, Rober G\u00f3mez, Pau Aran, Helena Wilhesson, Patrick Kuo, Alice Godfrey, Mart\u00ed G\u00fcell, Lorena Nogal, Ariadna Monfort, Lali Ayguade, Valentina Azzati, Manuel Rodr\u00edguez, Iftalch Valri, Edivaldo Ernesto, Tom Heyes, Antonio de la Rosa, Tanit Cobas, Marina Fullana. <\/span><\/p>\n<div class=\"rve-embed-responsive rve-embed-responsive-16by9\"><iframe title=\"Acte III. Comprom\u00eds. Estrella Damm 2020\" width=\"800\" height=\"450\" src=\"https:\/\/www.youtube.com\/embed\/A9HW3YlR1EI?feature=oembed\" frameborder=\"0\" allow=\"accelerometer; autoplay; clipboard-write; encrypted-media; gyroscope; picture-in-picture; web-share\" referrerpolicy=\"strict-origin-when-cross-origin\" allowfullscreen><\/iframe><\/div>\n","protected":false},"excerpt":{"rendered":"<p>Arriba el nou #Mediterr\u00e0niament: Acte III. Comprom\u00eds. Joan Daus\u00e0 ft. Magal\u00ed Sare \u00abUna altra manera de viure &#8211; Estrella Damm 2020\u201d <\/p>\n","protected":false},"author":1,"featured_media":8354,"comment_status":"open","ping_status":"open","sticky":false,"template":"","format":"standard","meta":{"_acf_changed":false,"footnotes":""},"categories":[17],"tags":[1606,1470,1607,1608],"class_list":["post-8357","post","type-post","status-publish","format-standard","has-post-thumbnail","hentry","category-sin-categorizar","tag-damm-es","tag-joan-dausa-es","tag-magali-sare-es","tag-sostenibilitat-es"],"acf":[],"_links":{"self":[{"href":"https:\/\/esclaustre.com\/es\/wp-json\/wp\/v2\/posts\/8357","targetHints":{"allow":["GET"]}}],"collection":[{"href":"https:\/\/esclaustre.com\/es\/wp-json\/wp\/v2\/posts"}],"about":[{"href":"https:\/\/esclaustre.com\/es\/wp-json\/wp\/v2\/types\/post"}],"author":[{"embeddable":true,"href":"https:\/\/esclaustre.com\/es\/wp-json\/wp\/v2\/users\/1"}],"replies":[{"embeddable":true,"href":"https:\/\/esclaustre.com\/es\/wp-json\/wp\/v2\/comments?post=8357"}],"version-history":[{"count":0,"href":"https:\/\/esclaustre.com\/es\/wp-json\/wp\/v2\/posts\/8357\/revisions"}],"wp:featuredmedia":[{"embeddable":true,"href":"https:\/\/esclaustre.com\/es\/wp-json\/wp\/v2\/media\/8354"}],"wp:attachment":[{"href":"https:\/\/esclaustre.com\/es\/wp-json\/wp\/v2\/media?parent=8357"}],"wp:term":[{"taxonomy":"category","embeddable":true,"href":"https:\/\/esclaustre.com\/es\/wp-json\/wp\/v2\/categories?post=8357"},{"taxonomy":"post_tag","embeddable":true,"href":"https:\/\/esclaustre.com\/es\/wp-json\/wp\/v2\/tags?post=8357"}],"curies":[{"name":"wp","href":"https:\/\/api.w.org\/{rel}","templated":true}]}}