{"id":9533,"date":"2020-10-07T09:17:47","date_gmt":"2020-10-07T09:17:47","guid":{"rendered":"https:\/\/esclaustre.com\/verlaat-copy\/"},"modified":"2020-12-08T21:08:43","modified_gmt":"2020-12-08T21:08:43","slug":"la-mort-de-guillem","status":"publish","type":"post","link":"https:\/\/esclaustre.com\/es\/la-mort-de-guillem\/","title":{"rendered":"La Mort de Guillem"},"content":{"rendered":"<h2><strong>CINEMA: La Mort de Guillem<\/strong><\/h2>\n<p>Dijous 8 d&#8217;octubre a les 21.00h <a href=\"https:\/\/esclaustre.com\/es\/event\/la-mort-de-guillem\/\" target=\"_blank\" rel=\"noopener\"><strong>Es Claustre<\/strong><\/a> projectem el documental: <strong>\u00abLa mort de Guillem\u00bb<\/strong>, del director <strong>Carlos Marqu\u00e9s-Marcet<\/strong>.<\/p>\n<p>La pel\u00b7l\u00edcula <em>La mort de Guillem<\/em>, de Carlos Marqu\u00e9s-Marcet, \u00e9s una de les accions que formen part de la campanya <strong>\u00abLa lluita continua\u00bb<\/strong>, un ambici\u00f3s projecte d\u2019iniciativa ciutadana que cerca fomentar la mobilitzaci\u00f3 social, pol\u00edtica i de recuperaci\u00f3 de la mem\u00f2ria democr\u00e0tica i que pren com a punt de partida la figura del jove antifeixista i independentista.<\/p>\n<p>A m\u00e9s a m\u00e9s, de la pel\u00b7l\u00edcula del reconegut director catal\u00e0, la campanya inclou tamb\u00e9, concerts d\u2019homenatge a Val\u00e8ncia i Barcelona, un cicle de debats i confer\u00e8ncies a les dues ciutats i la publicaci\u00f3 de la novel\u00b7la <em>La mort de Guillem<\/em>, de <strong>N\u00faria Cadenes<\/strong>.<\/p>\n<p><em>La mort de Guillem<\/em> \u00e9s una coproducci\u00f3 de l\u2019Institut Valenci\u00e0 de Cultura (ICV), les radiotelevisions p\u00fabliques del Pa\u00eds Valenci\u00e0, Catalunya i Balears, Suica Films, Batabat Produccions, Lastor Mitjana i m\u00e9s de 2.500\u00a0<em>crowdfunders.<\/em><\/p>\n<p>La can\u00e7\u00f3 <strong>\u00abNo s\u2019apaguen les estreles\u00bb<\/strong>, banda sonora de la pel\u00b7l\u00edcula, \u00e9s obra del m\u00fasic i compositor valenci\u00e0 <a href=\"https:\/\/www.xavisarria.cat\" target=\"_blank\" rel=\"noopener\">Xavi Sarri\u00e0<\/a>, membre d\u2019<strong>Obrint Pas<\/strong>, una de les bandes que m\u00e9s ha fet per fer reivindicar la figura de <span style=\"color: #000000;\"><strong>Guillem Agull\u00f3<\/strong><\/span>. En aquesta ocasi\u00f3, Xavier Sarri\u00e0 ha comptat amb la col\u00b7laboraci\u00f3 de <strong>Pep Gimeno Botifarra<\/strong> i l\u2019Escoleta del <strong>Cor de l\u2019Eliana<\/strong>.<\/p>\n<p>&nbsp;<\/p>\n<div class=\"rve-embed-responsive rve-embed-responsive-16by9\"><iframe title=\"XAVI SARRIA\u0300 - No s&#039;apaguen les estreles (BSO La Mort de Guillem)\" width=\"800\" height=\"450\" src=\"https:\/\/www.youtube.com\/embed\/f7dytPY8TNQ?feature=oembed\" frameborder=\"0\" allow=\"accelerometer; autoplay; clipboard-write; encrypted-media; gyroscope; picture-in-picture; web-share\" referrerpolicy=\"strict-origin-when-cross-origin\" allowfullscreen><\/iframe><\/div>\n<p>&nbsp;<\/p>\n","protected":false},"excerpt":{"rendered":"<p>CINEMA: videoclip de Xavi Sarri\u00e0 \u00abNo s&#8217;apaguen les estreles\u00bb (BSO La Mort de Guillem) Can\u00e7\u00f3 de la pel\u00b7l\u00edcula sobre l\u2019assassinat del jove antifeixista Guillem Agull\u00f3<\/p>\n","protected":false},"author":1,"featured_media":9539,"comment_status":"open","ping_status":"open","sticky":false,"template":"","format":"standard","meta":{"_acf_changed":false,"footnotes":""},"categories":[1982,716,17],"tags":[1934,1646,1853,1854,1855,1925,1856],"class_list":["post-9533","post","type-post","status-publish","format-standard","has-post-thumbnail","hentry","category-arxiu-de-continguts-audiovisuals-videoclips-o-entrevistres-enregistrades-es","category-blog-es","category-sin-categorizar","tag-carlos-marques-marcet-es","tag-cinema-es","tag-guillem-agullo-es","tag-la-lluita-continua-es","tag-ni-oblit-ni-perdo-es","tag-videoclip-es","tag-xavi-sarria-es"],"acf":[],"_links":{"self":[{"href":"https:\/\/esclaustre.com\/es\/wp-json\/wp\/v2\/posts\/9533","targetHints":{"allow":["GET"]}}],"collection":[{"href":"https:\/\/esclaustre.com\/es\/wp-json\/wp\/v2\/posts"}],"about":[{"href":"https:\/\/esclaustre.com\/es\/wp-json\/wp\/v2\/types\/post"}],"author":[{"embeddable":true,"href":"https:\/\/esclaustre.com\/es\/wp-json\/wp\/v2\/users\/1"}],"replies":[{"embeddable":true,"href":"https:\/\/esclaustre.com\/es\/wp-json\/wp\/v2\/comments?post=9533"}],"version-history":[{"count":0,"href":"https:\/\/esclaustre.com\/es\/wp-json\/wp\/v2\/posts\/9533\/revisions"}],"wp:featuredmedia":[{"embeddable":true,"href":"https:\/\/esclaustre.com\/es\/wp-json\/wp\/v2\/media\/9539"}],"wp:attachment":[{"href":"https:\/\/esclaustre.com\/es\/wp-json\/wp\/v2\/media?parent=9533"}],"wp:term":[{"taxonomy":"category","embeddable":true,"href":"https:\/\/esclaustre.com\/es\/wp-json\/wp\/v2\/categories?post=9533"},{"taxonomy":"post_tag","embeddable":true,"href":"https:\/\/esclaustre.com\/es\/wp-json\/wp\/v2\/tags?post=9533"}],"curies":[{"name":"wp","href":"https:\/\/api.w.org\/{rel}","templated":true}]}}